{"id":28780,"date":"2021-02-18T20:16:04","date_gmt":"2021-02-18T20:16:04","guid":{"rendered":"https:\/\/blog.medel.pro\/nuevo-procesador-de-audio-samba-2-la-audicion-simplificada\/"},"modified":"2023-03-29T20:27:49","modified_gmt":"2023-03-29T20:27:49","slug":"nuevo-procesador-de-audio-samba-2-la-audicion-simplificada","status":"publish","type":"post","link":"https:\/\/blog.medel.pro\/latam\/productos-y-actualizaciones-latam\/nuevo-procesador-de-audio-samba-2-la-audicion-simplificada\/","title":{"rendered":"Nuevo procesador de audio SAMBA 2: La audici\u00f3n simplificada"},"content":{"rendered":"<p>SAMBA 2, el \u00faltimo procesador de audio para <a href=\"https:\/\/www.medel.com\/latam\/hearing-solutions\/vibrant-soundbridge\">VIBRANT SOUNDBRIDGE<\/a> y <a href=\"https:\/\/www.medel.com\/latam\/hearing-solutions\/bonebridge\">BONEBRIDGE<\/a> ahora se encuentra disponible en Lationam\u00e9rica. El dise\u00f1o del <a href=\"https:\/\/www.medel.com\/latam\/hearing-solutions\/samba2\">SAMBA 2<\/a> combina tecnolog\u00eda de audici\u00f3n inteligente, opciones de conectividad intuitivas y un software de ajuste mejorado para simplificar la audici\u00f3n cuanto sea posible, tanto para el usuario del implante auditivo como para el audi\u00f3logo.<\/p>\n<p>Mire el video de lanzamiento para enterarse de m\u00e1s:<\/p>\n<p><iframe loading=\"lazy\" title=\"SAMBA 2: Procesador de Audio para BONEBRIDGE y VIBRANT SOUNDBRIDGE\" width=\"500\" height=\"281\" src=\"https:\/\/www.youtube.com\/embed\/IJ5dlHdZIsE?feature=oembed\" frameborder=\"0\" allow=\"accelerometer; autoplay; clipboard-write; encrypted-media; gyroscope; picture-in-picture; web-share\" referrerpolicy=\"strict-origin-when-cross-origin\" allowfullscreen><\/iframe><\/p>\n<p>&nbsp;<\/p>\n<h2><strong>Audici\u00f3n sin esfuerzo con SAMBA 2<\/strong><\/h2>\n<p>\u201cCon SAMBA 2, quer\u00edamos crear un procesador de audio, el cual los usuarios con implantes de conducci\u00f3n \u00f3sea y de o\u00eddo medio pudieran simplemente ponerse en la ma\u00f1ana y olvidarse de \u00e9l\u201d, explica Alexander Hofer, jefe de Gesti\u00f3n de Producto en MED-EL. Aqu\u00ed es donde la tecnolog\u00eda de audici\u00f3n avanzada del SAMBA 2 entra en acci\u00f3n. Los par\u00e1metros para una audici\u00f3n \u00f3ptima se ajustan autom\u00e1ticamente, en cualquier situaci\u00f3n.<\/p>\n<h3><strong>Un vistazo a la tecnolog\u00eda de audici\u00f3n inteligente del SAMBA 2:<\/strong><\/h3>\n<ul>\n<li>Seis ambientes diferentes: Silencio, Habla con silencio, Ruido, Habla con ruido, M\u00fasica, y Autom\u00f3vil.<\/li>\n<li>Adaptador de sonido inteligente 2.0: Aprende las preferencias de audici\u00f3n para cada ambiente.<\/li>\n<li>Reducci\u00f3n del ruido aumentada: Filtra el ruido ambiente y elimina los ruidos entre las palabras.<\/li>\n<li>Speech tracking: Adapta la orientaci\u00f3n de los micr\u00f3fonos hacia el habla, sin importar de qu\u00e9 direcci\u00f3n provengan las voces.<\/li>\n<li>Adaptaci\u00f3n autom\u00e1tica: Los micr\u00f3fonos del SAMBA 2 se adaptan con fluidez a cualquier ambiente, ya sean silenciosos o ruidosos.<\/li>\n<\/ul>\n<blockquote><p><img loading=\"lazy\" decoding=\"async\" class=\"aligncenter size-full wp-image-16205\" src=\"https:\/\/blog.medel.pro\/wp-content\/uploads\/2020\/06\/samba-2-blogpost-1.jpg\" alt=\"chicas en un auto\" width=\"800\" height=\"400\" \/>\u201cCuando est\u00e1 conduciendo, el SAMBA 2 puede detectar el ambiente del autom\u00f3vil y activar la funci\u00f3n de rastreo del habla (Speech tracking). Esto les permite a los micr\u00f3fonos seleccionar el mejor modo posible para captar las voces de los pasajeros, \u00a1incluso cuando se sienten detr\u00e1s de usted!\u201d. Amanda T. O\u2019Donnell, audi\u00f3loga y gerente de Producto en MED-EL<\/p><\/blockquote>\n<p>&nbsp;<\/p>\n<h2><strong>Manipulaci\u00f3n sin problemas<\/strong><\/h2>\n<p>El SAMBA 2 se fabric\u00f3 tomando en cuenta las opiniones de usuarios de implantes auditivos y profesionales de la audici\u00f3n. \u201cSabemos que, para algunas personas, cambiar las bater\u00edas es un poco complejo; por eso, incorporamos un nuevo dise\u00f1o para la cubierta de la bater\u00eda\u201d, explica Alexander.<\/p>\n<p><img loading=\"lazy\" decoding=\"async\" class=\"aligncenter size-full wp-image-16206\" src=\"https:\/\/blog.medel.pro\/wp-content\/uploads\/2020\/06\/samba-2-blogpost-2.jpg\" alt=\"\" width=\"800\" height=\"400\" \/>El nuevo dise\u00f1o intuitivo hace que sea m\u00e1s simple y pr\u00e1ctico cambiar las bater\u00edas, y colocar las cubiertas de dise\u00f1o y los clips de sujeci\u00f3n. Adem\u00e1s, la aplicaci\u00f3n de control remoto opcional para SAMBA 2 elimina la necesidad de llevar encima el control remoto: Los usuarios pueden gestionar configuraciones predefinidas simples, como el volumen y los programas, directamente desde su smartphone. Incluso pueden verificar el estado de la bater\u00eda.<\/p>\n<h3><strong>Un vistazo a las caracter\u00edsticas del SAMBA 2:<\/strong><\/h3>\n<ul>\n<li>Dise\u00f1o intuitivo y c\u00f3modo<\/li>\n<li>De 8 a 10 d\u00edas de duraci\u00f3n de bater\u00eda<\/li>\n<li>Peso reducido y discreto<\/li>\n<li>Resistente al agua (IP54) o completamente a prueba de agua con la cubierta WaterWear<\/li>\n<li>Cubiertas de dise\u00f1o intercambiables<\/li>\n<li>Nueva aplicaci\u00f3n de control remoto para SAMBA 2<\/li>\n<\/ul>\n<blockquote><p><img loading=\"lazy\" decoding=\"async\" class=\"aligncenter size-full wp-image-16207\" src=\"https:\/\/blog.medel.pro\/wp-content\/uploads\/2020\/06\/samba-2-blogpost-3.jpg\" alt=\"SAMBA 2 Remote App\" width=\"800\" height=\"400\" \/>\u201cSAMBA 2 me permite llevar mi rutina diaria. Siempre puedo o\u00edr con comodidad, sin importar a d\u00f3nde vaya. Y gracias a los 8 a 10 d\u00edas de duraci\u00f3n de la bater\u00eda, puedo salir de casa sin preocuparme por quedarme sin carga\u201d. Kevin Vukovich, destinatario bilateral de BONEBRIDGE y gerente s\u00e9nior de Educaci\u00f3n Quir\u00fargica en MED-EL<\/p><\/blockquote>\n<p>&nbsp;<\/p>\n<h2><strong>Streaming simple con SAMBA 2 GO<\/strong><\/h2>\n<p>No solo la manipulaci\u00f3n es m\u00e1s f\u00e1cil: El nuevo dispositivo de conectividad SAMBA 2 GO les permite a los usuarios transmitir sonido al SAMBA 2 con solo presionar un bot\u00f3n. Puede utilizarlo para:<\/p>\n<ul>\n<li>Transmitir sonido desde tabletas, tel\u00e9fonos y televisores, as\u00ed como de otros dispositivos\u00a0<em>Bluetooth<\/em><sup>\u00ae<\/sup><\/li>\n<li>Hacer llamadas con manos libres<\/li>\n<li>Conectarse a sistemas FM<\/li>\n<\/ul>\n<p><img loading=\"lazy\" decoding=\"async\" class=\"aligncenter size-full wp-image-16208\" src=\"https:\/\/blog.medel.pro\/wp-content\/uploads\/2020\/06\/samba-2-blogpost-4.jpg\" alt=\"Pareja viendo TV\" width=\"800\" height=\"400\" \/><\/p>\n<blockquote><p>\u201cEmparejar SAMBA 2 GO con otros dispositivos es muy sencillo. Simplemente me conecto con <em>Bluetooth<\/em>, y puedo hacer una llamada sin tener el tel\u00e9fono en la mano\u201d. Kevin Vukovich, usuario bilateral de BONEBRIDGE<\/p><\/blockquote>\n<p>&nbsp;<\/p>\n<h2><strong>SYMFIT 8.0: Ajustes r\u00e1pidos y convenientes<\/strong><\/h2>\n<p>Con el nuevo software SYMFIT 8.0, el ajuste del SAMBA 2 es simple y eficiente. Desde el flujo de trabajo guiado y la navegaci\u00f3n precisa, hasta los vibrogramas y las herramientas de ajuste, este programa le ayuda a aprovechar el SAMBA 2 al m\u00e1ximo, de manera que sus pacientes disfruten de un sonido \u00f3ptimo a donde sea que vayan.<\/p>\n<h3><strong>Un vistazo a SYMFIT 8.0<\/strong><\/h3>\n<ul>\n<li>Flujo de trabajo y navegaci\u00f3n intuitivos<\/li>\n<li>Ajustes precisos con vibrograma<\/li>\n<li>Asistente de ajuste<\/li>\n<li>Escala de intensidad sonora<\/li>\n<li>Registro de datos ampliado<\/li>\n<\/ul>\n<blockquote><p><img loading=\"lazy\" decoding=\"async\" class=\"aligncenter size-full wp-image-16209\" src=\"https:\/\/blog.medel.pro\/wp-content\/uploads\/2020\/06\/samba-2-blogpost-5.jpg\" alt=\"\" width=\"800\" height=\"400\" \/>\u201cSYMFIT 8.0 tiene una interfaz y un flujo de trabajo realmente intuitivos que los audi\u00f3logos aprovechar\u00e1n en el primer ajuste y los seguimientos\u201d. Amanda T. O\u2019Donnell, audi\u00f3loga y gerenta de Producto en MED-EL<\/p><\/blockquote>\n<p>&nbsp;<\/p>\n<p>\u00bfQuiere saber m\u00e1s sobre SYMFIT 8.0?\u00a0<a href=\"https:\/\/blog.medel.pro\/wp-content\/uploads\/2020\/06\/29325ce_r1_0-symfit8fs-web.pdf\">Descargue la ficha informativa de SYMFIT 8.0<\/a>\u00a0ahora o entre en contacto con\u00a0<a href=\"https:\/\/www.medel.com\/latam\/about-medel\/med-el-latam\/distribuidores-y-oficinas\">su representante local de MED-EL<\/a>.<\/p>\n<h2><strong>SAMBA 2. La audici\u00f3n simplificada.<\/strong><\/h2>\n<p>Ah\u00ed lo tiene. Un procesador de audio dise\u00f1ado para simplificar la audici\u00f3n para sus pacientes cuanto sea posible, y un software que lo ayuda a agilizar el ajuste.<\/p>\n<p><a href=\"https:\/\/www.medel.pro\/contact-med-el\">Contacte a su representante local de MED-EL<\/a>\u00a0ahora y\u00a0<a href=\"https:\/\/www.medel.com\/latam\/hearing-solutions\/samba2\">h<\/a>aga clic aqu\u00ed\u00a0para conocer m\u00e1s detalles.<\/p>\n<p><em>*No todos los productos, indicaciones y caracter\u00edsticas exhibidos est\u00e1n disponibles en todas las \u00e1reas. Contacte a su representante local de MED-EL para m\u00e1s informaci\u00f3n.<\/em><\/p>\n","protected":false},"excerpt":{"rendered":"<p>SAMBA 2, el \u00faltimo procesador de audio para VIBRANT SOUNDBRIDGE y BONEBRIDGE ahora se encuentra disponible en Lationam\u00e9rica. El dise\u00f1o del SAMBA 2 combina tecnolog\u00eda de audici\u00f3n inteligente, opciones de conectividad intuitivas y un software de ajuste mejorado para simplificar la audici\u00f3n cuanto sea posible, tanto para el usuario del implante auditivo como para el [&hellip;]<\/p>\n","protected":false},"author":8,"featured_media":22648,"comment_status":"open","ping_status":"open","sticky":false,"template":"","format":"standard","meta":{"footnotes":""},"categories":[2548,2554],"tags":[2655,2656,2657,2590,2658],"class_list":["post-28780","post","type-post","status-publish","format-standard","has-post-thumbnail","hentry","category-audiologia-latam","category-productos-y-actualizaciones-latam","tag-implante-auditivo-latam","tag-implante-conduccion-osea-latam","tag-implante-oido-medio-latam","tag-procesador-latam","tag-procesador-de-audio-samba-2-latam"],"acf":[],"yoast_head":"<!-- This site is optimized with the Yoast SEO plugin v27.2 - https:\/\/yoast.com\/product\/yoast-seo-wordpress\/ -->\n<title>Nuevo Procesador de audio SAMBA 2 - MED-EL Professionals Blog<\/title>\n<meta name=\"description\" content=\"Conozca todos los detalles que hacen que SAMBA 2 sea el Procesador de audio para implantes de conducci\u00f3n \u00f3sea e implantes de o\u00eddo medio m\u00e1s sencillo de utilizar\" \/>\n<meta name=\"robots\" content=\"index, follow, max-snippet:-1, max-image-preview:large, max-video-preview:-1\" \/>\n<link rel=\"canonical\" href=\"https:\/\/blog.medel.pro\/latam\/productos-y-actualizaciones-latam\/nuevo-procesador-de-audio-samba-2-la-audicion-simplificada\/\" \/>\n<meta property=\"og:locale\" content=\"es_ES\" \/>\n<meta property=\"og:type\" content=\"article\" \/>\n<meta property=\"og:title\" content=\"Nuevo Procesador de audio SAMBA 2 - MED-EL Professionals Blog\" \/>\n<meta property=\"og:description\" content=\"Conozca todos los detalles que hacen que SAMBA 2 sea el Procesador de audio para implantes de conducci\u00f3n \u00f3sea e implantes de o\u00eddo medio m\u00e1s sencillo de utilizar\" \/>\n<meta property=\"og:url\" content=\"https:\/\/blog.medel.pro\/latam\/productos-y-actualizaciones-latam\/nuevo-procesador-de-audio-samba-2-la-audicion-simplificada\/\" \/>\n<meta property=\"og:site_name\" content=\"MED-EL Professionals Blog\" \/>\n<meta property=\"article:published_time\" content=\"2021-02-18T20:16:04+00:00\" \/>\n<meta property=\"article:modified_time\" content=\"2023-03-29T20:27:49+00:00\" \/>\n<meta property=\"og:image\" content=\"https:\/\/blog.medel.pro\/wp-content\/uploads\/2023\/02\/samba-2-header.jpg\" \/>\n\t<meta property=\"og:image:width\" content=\"800\" \/>\n\t<meta property=\"og:image:height\" content=\"400\" \/>\n\t<meta property=\"og:image:type\" content=\"image\/jpeg\" \/>\n<meta name=\"author\" content=\"MED-EL\" \/>\n<meta name=\"twitter:card\" content=\"summary_large_image\" \/>\n<meta name=\"twitter:creator\" content=\"@medel\" \/>\n<meta name=\"twitter:site\" content=\"@medel\" \/>\n<meta name=\"twitter:label1\" content=\"Written by\" \/>\n\t<meta name=\"twitter:data1\" content=\"MED-EL\" \/>\n\t<meta name=\"twitter:label2\" content=\"Est. reading time\" \/>\n\t<meta name=\"twitter:data2\" content=\"5 minutes\" \/>\n<script type=\"application\/ld+json\" class=\"yoast-schema-graph\">{\"@context\":\"https:\/\/schema.org\",\"@graph\":[{\"@type\":\"Article\",\"@id\":\"https:\/\/blog.medel.pro\/latam\/productos-y-actualizaciones-latam\/nuevo-procesador-de-audio-samba-2-la-audicion-simplificada\/#article\",\"isPartOf\":{\"@id\":\"https:\/\/blog.medel.pro\/latam\/productos-y-actualizaciones-latam\/nuevo-procesador-de-audio-samba-2-la-audicion-simplificada\/\"},\"author\":{\"name\":\"MED-EL\",\"@id\":\"https:\/\/blog.medel.pro\/de\/#\/schema\/person\/b81eab3e22287063f6f0d9e2499d0f02\"},\"headline\":\"Nuevo procesador de audio SAMBA 2: La audici\u00f3n simplificada\",\"datePublished\":\"2021-02-18T20:16:04+00:00\",\"dateModified\":\"2023-03-29T20:27:49+00:00\",\"mainEntityOfPage\":{\"@id\":\"https:\/\/blog.medel.pro\/latam\/productos-y-actualizaciones-latam\/nuevo-procesador-de-audio-samba-2-la-audicion-simplificada\/\"},\"wordCount\":905,\"commentCount\":0,\"publisher\":{\"@id\":\"https:\/\/blog.medel.pro\/de\/#organization\"},\"image\":{\"@id\":\"https:\/\/blog.medel.pro\/latam\/productos-y-actualizaciones-latam\/nuevo-procesador-de-audio-samba-2-la-audicion-simplificada\/#primaryimage\"},\"thumbnailUrl\":\"https:\/\/blog.medel.pro\/wp-content\/uploads\/2023\/02\/samba-2-header.jpg\",\"keywords\":[\"Implante Auditivo\",\"Implante conducci\u00f3n \u00f3sea\",\"Implante o\u00eddo medio\",\"Procesador\",\"Procesador de audio SAMBA 2\"],\"articleSection\":[\"AUDIOLOG\u00cdA\",\"PRODUCTOS Y ACTUALIZACIONES\"],\"inLanguage\":\"es\",\"potentialAction\":[{\"@type\":\"CommentAction\",\"name\":\"Comment\",\"target\":[\"https:\/\/blog.medel.pro\/latam\/productos-y-actualizaciones-latam\/nuevo-procesador-de-audio-samba-2-la-audicion-simplificada\/#respond\"]}]},{\"@type\":\"WebPage\",\"@id\":\"https:\/\/blog.medel.pro\/latam\/productos-y-actualizaciones-latam\/nuevo-procesador-de-audio-samba-2-la-audicion-simplificada\/\",\"url\":\"https:\/\/blog.medel.pro\/latam\/productos-y-actualizaciones-latam\/nuevo-procesador-de-audio-samba-2-la-audicion-simplificada\/\",\"name\":\"Nuevo Procesador de audio SAMBA 2 - MED-EL Professionals Blog\",\"isPartOf\":{\"@id\":\"https:\/\/blog.medel.pro\/de\/#website\"},\"primaryImageOfPage\":{\"@id\":\"https:\/\/blog.medel.pro\/latam\/productos-y-actualizaciones-latam\/nuevo-procesador-de-audio-samba-2-la-audicion-simplificada\/#primaryimage\"},\"image\":{\"@id\":\"https:\/\/blog.medel.pro\/latam\/productos-y-actualizaciones-latam\/nuevo-procesador-de-audio-samba-2-la-audicion-simplificada\/#primaryimage\"},\"thumbnailUrl\":\"https:\/\/blog.medel.pro\/wp-content\/uploads\/2023\/02\/samba-2-header.jpg\",\"datePublished\":\"2021-02-18T20:16:04+00:00\",\"dateModified\":\"2023-03-29T20:27:49+00:00\",\"description\":\"Conozca todos los detalles que hacen que SAMBA 2 sea el Procesador de audio para implantes de conducci\u00f3n \u00f3sea e implantes de o\u00eddo medio m\u00e1s sencillo de utilizar\",\"breadcrumb\":{\"@id\":\"https:\/\/blog.medel.pro\/latam\/productos-y-actualizaciones-latam\/nuevo-procesador-de-audio-samba-2-la-audicion-simplificada\/#breadcrumb\"},\"inLanguage\":\"es\",\"potentialAction\":[{\"@type\":\"ReadAction\",\"target\":[\"https:\/\/blog.medel.pro\/latam\/productos-y-actualizaciones-latam\/nuevo-procesador-de-audio-samba-2-la-audicion-simplificada\/\"]}]},{\"@type\":\"ImageObject\",\"inLanguage\":\"es\",\"@id\":\"https:\/\/blog.medel.pro\/latam\/productos-y-actualizaciones-latam\/nuevo-procesador-de-audio-samba-2-la-audicion-simplificada\/#primaryimage\",\"url\":\"https:\/\/blog.medel.pro\/wp-content\/uploads\/2023\/02\/samba-2-header.jpg\",\"contentUrl\":\"https:\/\/blog.medel.pro\/wp-content\/uploads\/2023\/02\/samba-2-header.jpg\",\"width\":800,\"height\":400,\"caption\":\"Procesador SAMBA 2\"},{\"@type\":\"BreadcrumbList\",\"@id\":\"https:\/\/blog.medel.pro\/latam\/productos-y-actualizaciones-latam\/nuevo-procesador-de-audio-samba-2-la-audicion-simplificada\/#breadcrumb\",\"itemListElement\":[{\"@type\":\"ListItem\",\"position\":1,\"name\":\"Home\",\"item\":\"https:\/\/blog.medel.pro\/latam\/\"},{\"@type\":\"ListItem\",\"position\":2,\"name\":\"Nuevo procesador de audio SAMBA 2: La audici\u00f3n simplificada\"}]},{\"@type\":\"WebSite\",\"@id\":\"https:\/\/blog.medel.pro\/de\/#website\",\"url\":\"https:\/\/blog.medel.pro\/de\/\",\"name\":\"MED-EL Professionals Blog\",\"description\":\"\",\"publisher\":{\"@id\":\"https:\/\/blog.medel.pro\/de\/#organization\"},\"potentialAction\":[{\"@type\":\"SearchAction\",\"target\":{\"@type\":\"EntryPoint\",\"urlTemplate\":\"https:\/\/blog.medel.pro\/de\/?s={search_term_string}\"},\"query-input\":{\"@type\":\"PropertyValueSpecification\",\"valueRequired\":true,\"valueName\":\"search_term_string\"}}],\"inLanguage\":\"es\"},{\"@type\":\"Organization\",\"@id\":\"https:\/\/blog.medel.pro\/de\/#organization\",\"name\":\"MED-EL Professionals Blog\",\"url\":\"https:\/\/blog.medel.pro\/de\/\",\"logo\":{\"@type\":\"ImageObject\",\"inLanguage\":\"es\",\"@id\":\"https:\/\/blog.medel.pro\/de\/#\/schema\/logo\/image\/\",\"url\":\"https:\/\/blog.medel.pro\/wp-content\/uploads\/2023\/05\/MED-EL_RGB_Red_Symbol.jpg\",\"contentUrl\":\"https:\/\/blog.medel.pro\/wp-content\/uploads\/2023\/05\/MED-EL_RGB_Red_Symbol.jpg\",\"width\":200,\"height\":200,\"caption\":\"MED-EL Professionals Blog\"},\"image\":{\"@id\":\"https:\/\/blog.medel.pro\/de\/#\/schema\/logo\/image\/\"},\"sameAs\":[\"https:\/\/x.com\/medel\"]},{\"@type\":\"Person\",\"@id\":\"https:\/\/blog.medel.pro\/de\/#\/schema\/person\/b81eab3e22287063f6f0d9e2499d0f02\",\"name\":\"MED-EL\"}]}<\/script>\n<!-- \/ Yoast SEO plugin. -->","yoast_head_json":{"title":"Nuevo Procesador de audio SAMBA 2 - MED-EL Professionals Blog","description":"Conozca todos los detalles que hacen que SAMBA 2 sea el Procesador de audio para implantes de conducci\u00f3n \u00f3sea e implantes de o\u00eddo medio m\u00e1s sencillo de utilizar","robots":{"index":"index","follow":"follow","max-snippet":"max-snippet:-1","max-image-preview":"max-image-preview:large","max-video-preview":"max-video-preview:-1"},"canonical":"https:\/\/blog.medel.pro\/latam\/productos-y-actualizaciones-latam\/nuevo-procesador-de-audio-samba-2-la-audicion-simplificada\/","og_locale":"es_ES","og_type":"article","og_title":"Nuevo Procesador de audio SAMBA 2 - MED-EL Professionals Blog","og_description":"Conozca todos los detalles que hacen que SAMBA 2 sea el Procesador de audio para implantes de conducci\u00f3n \u00f3sea e implantes de o\u00eddo medio m\u00e1s sencillo de utilizar","og_url":"https:\/\/blog.medel.pro\/latam\/productos-y-actualizaciones-latam\/nuevo-procesador-de-audio-samba-2-la-audicion-simplificada\/","og_site_name":"MED-EL Professionals Blog","article_published_time":"2021-02-18T20:16:04+00:00","article_modified_time":"2023-03-29T20:27:49+00:00","og_image":[{"width":800,"height":400,"url":"https:\/\/blog.medel.pro\/wp-content\/uploads\/2023\/02\/samba-2-header.jpg","type":"image\/jpeg"}],"author":"MED-EL","twitter_card":"summary_large_image","twitter_creator":"@medel","twitter_site":"@medel","twitter_misc":{"Written by":"MED-EL","Est. reading time":"5 minutes"},"schema":{"@context":"https:\/\/schema.org","@graph":[{"@type":"Article","@id":"https:\/\/blog.medel.pro\/latam\/productos-y-actualizaciones-latam\/nuevo-procesador-de-audio-samba-2-la-audicion-simplificada\/#article","isPartOf":{"@id":"https:\/\/blog.medel.pro\/latam\/productos-y-actualizaciones-latam\/nuevo-procesador-de-audio-samba-2-la-audicion-simplificada\/"},"author":{"name":"MED-EL","@id":"https:\/\/blog.medel.pro\/de\/#\/schema\/person\/b81eab3e22287063f6f0d9e2499d0f02"},"headline":"Nuevo procesador de audio SAMBA 2: La audici\u00f3n simplificada","datePublished":"2021-02-18T20:16:04+00:00","dateModified":"2023-03-29T20:27:49+00:00","mainEntityOfPage":{"@id":"https:\/\/blog.medel.pro\/latam\/productos-y-actualizaciones-latam\/nuevo-procesador-de-audio-samba-2-la-audicion-simplificada\/"},"wordCount":905,"commentCount":0,"publisher":{"@id":"https:\/\/blog.medel.pro\/de\/#organization"},"image":{"@id":"https:\/\/blog.medel.pro\/latam\/productos-y-actualizaciones-latam\/nuevo-procesador-de-audio-samba-2-la-audicion-simplificada\/#primaryimage"},"thumbnailUrl":"https:\/\/blog.medel.pro\/wp-content\/uploads\/2023\/02\/samba-2-header.jpg","keywords":["Implante Auditivo","Implante conducci\u00f3n \u00f3sea","Implante o\u00eddo medio","Procesador","Procesador de audio SAMBA 2"],"articleSection":["AUDIOLOG\u00cdA","PRODUCTOS Y ACTUALIZACIONES"],"inLanguage":"es","potentialAction":[{"@type":"CommentAction","name":"Comment","target":["https:\/\/blog.medel.pro\/latam\/productos-y-actualizaciones-latam\/nuevo-procesador-de-audio-samba-2-la-audicion-simplificada\/#respond"]}]},{"@type":"WebPage","@id":"https:\/\/blog.medel.pro\/latam\/productos-y-actualizaciones-latam\/nuevo-procesador-de-audio-samba-2-la-audicion-simplificada\/","url":"https:\/\/blog.medel.pro\/latam\/productos-y-actualizaciones-latam\/nuevo-procesador-de-audio-samba-2-la-audicion-simplificada\/","name":"Nuevo Procesador de audio SAMBA 2 - MED-EL Professionals Blog","isPartOf":{"@id":"https:\/\/blog.medel.pro\/de\/#website"},"primaryImageOfPage":{"@id":"https:\/\/blog.medel.pro\/latam\/productos-y-actualizaciones-latam\/nuevo-procesador-de-audio-samba-2-la-audicion-simplificada\/#primaryimage"},"image":{"@id":"https:\/\/blog.medel.pro\/latam\/productos-y-actualizaciones-latam\/nuevo-procesador-de-audio-samba-2-la-audicion-simplificada\/#primaryimage"},"thumbnailUrl":"https:\/\/blog.medel.pro\/wp-content\/uploads\/2023\/02\/samba-2-header.jpg","datePublished":"2021-02-18T20:16:04+00:00","dateModified":"2023-03-29T20:27:49+00:00","description":"Conozca todos los detalles que hacen que SAMBA 2 sea el Procesador de audio para implantes de conducci\u00f3n \u00f3sea e implantes de o\u00eddo medio m\u00e1s sencillo de utilizar","breadcrumb":{"@id":"https:\/\/blog.medel.pro\/latam\/productos-y-actualizaciones-latam\/nuevo-procesador-de-audio-samba-2-la-audicion-simplificada\/#breadcrumb"},"inLanguage":"es","potentialAction":[{"@type":"ReadAction","target":["https:\/\/blog.medel.pro\/latam\/productos-y-actualizaciones-latam\/nuevo-procesador-de-audio-samba-2-la-audicion-simplificada\/"]}]},{"@type":"ImageObject","inLanguage":"es","@id":"https:\/\/blog.medel.pro\/latam\/productos-y-actualizaciones-latam\/nuevo-procesador-de-audio-samba-2-la-audicion-simplificada\/#primaryimage","url":"https:\/\/blog.medel.pro\/wp-content\/uploads\/2023\/02\/samba-2-header.jpg","contentUrl":"https:\/\/blog.medel.pro\/wp-content\/uploads\/2023\/02\/samba-2-header.jpg","width":800,"height":400,"caption":"Procesador SAMBA 2"},{"@type":"BreadcrumbList","@id":"https:\/\/blog.medel.pro\/latam\/productos-y-actualizaciones-latam\/nuevo-procesador-de-audio-samba-2-la-audicion-simplificada\/#breadcrumb","itemListElement":[{"@type":"ListItem","position":1,"name":"Home","item":"https:\/\/blog.medel.pro\/latam\/"},{"@type":"ListItem","position":2,"name":"Nuevo procesador de audio SAMBA 2: La audici\u00f3n simplificada"}]},{"@type":"WebSite","@id":"https:\/\/blog.medel.pro\/de\/#website","url":"https:\/\/blog.medel.pro\/de\/","name":"MED-EL Professionals Blog","description":"","publisher":{"@id":"https:\/\/blog.medel.pro\/de\/#organization"},"potentialAction":[{"@type":"SearchAction","target":{"@type":"EntryPoint","urlTemplate":"https:\/\/blog.medel.pro\/de\/?s={search_term_string}"},"query-input":{"@type":"PropertyValueSpecification","valueRequired":true,"valueName":"search_term_string"}}],"inLanguage":"es"},{"@type":"Organization","@id":"https:\/\/blog.medel.pro\/de\/#organization","name":"MED-EL Professionals Blog","url":"https:\/\/blog.medel.pro\/de\/","logo":{"@type":"ImageObject","inLanguage":"es","@id":"https:\/\/blog.medel.pro\/de\/#\/schema\/logo\/image\/","url":"https:\/\/blog.medel.pro\/wp-content\/uploads\/2023\/05\/MED-EL_RGB_Red_Symbol.jpg","contentUrl":"https:\/\/blog.medel.pro\/wp-content\/uploads\/2023\/05\/MED-EL_RGB_Red_Symbol.jpg","width":200,"height":200,"caption":"MED-EL Professionals Blog"},"image":{"@id":"https:\/\/blog.medel.pro\/de\/#\/schema\/logo\/image\/"},"sameAs":["https:\/\/x.com\/medel"]},{"@type":"Person","@id":"https:\/\/blog.medel.pro\/de\/#\/schema\/person\/b81eab3e22287063f6f0d9e2499d0f02","name":"MED-EL"}]}},"_links":{"self":[{"href":"https:\/\/blog.medel.pro\/latam\/wp-json\/wp\/v2\/posts\/28780","targetHints":{"allow":["GET"]}}],"collection":[{"href":"https:\/\/blog.medel.pro\/latam\/wp-json\/wp\/v2\/posts"}],"about":[{"href":"https:\/\/blog.medel.pro\/latam\/wp-json\/wp\/v2\/types\/post"}],"author":[{"embeddable":true,"href":"https:\/\/blog.medel.pro\/latam\/wp-json\/wp\/v2\/users\/8"}],"replies":[{"embeddable":true,"href":"https:\/\/blog.medel.pro\/latam\/wp-json\/wp\/v2\/comments?post=28780"}],"version-history":[{"count":1,"href":"https:\/\/blog.medel.pro\/latam\/wp-json\/wp\/v2\/posts\/28780\/revisions"}],"predecessor-version":[{"id":28785,"href":"https:\/\/blog.medel.pro\/latam\/wp-json\/wp\/v2\/posts\/28780\/revisions\/28785"}],"wp:featuredmedia":[{"embeddable":true,"href":"https:\/\/blog.medel.pro\/latam\/wp-json\/wp\/v2\/media\/22648"}],"wp:attachment":[{"href":"https:\/\/blog.medel.pro\/latam\/wp-json\/wp\/v2\/media?parent=28780"}],"wp:term":[{"taxonomy":"category","embeddable":true,"href":"https:\/\/blog.medel.pro\/latam\/wp-json\/wp\/v2\/categories?post=28780"},{"taxonomy":"post_tag","embeddable":true,"href":"https:\/\/blog.medel.pro\/latam\/wp-json\/wp\/v2\/tags?post=28780"}],"curies":[{"name":"wp","href":"https:\/\/api.w.org\/{rel}","templated":true}]}}