{"id":28711,"date":"2022-11-17T18:22:34","date_gmt":"2022-11-17T18:22:34","guid":{"rendered":"https:\/\/blog.medel.pro\/cinco-anos-de-adhear-tratamiento-de-la-perdida-auditiva-por-microtia-infecciones-cronicas-de-oido-y-mas\/"},"modified":"2023-03-15T14:24:53","modified_gmt":"2023-03-15T14:24:53","slug":"cinco-anos-de-adhear-tratamiento-de-la-perdida-auditiva-por-microtia-infecciones-cronicas-de-oido-y-mas","status":"publish","type":"post","link":"https:\/\/blog.medel.pro\/latam\/audiologia-latam\/cinco-anos-de-adhear-tratamiento-de-la-perdida-auditiva-por-microtia-infecciones-cronicas-de-oido-y-mas\/","title":{"rendered":"Cinco a\u00f1os de ADHEAR: Tratamiento de la p\u00e9rdida auditiva por microtia, infecciones cr\u00f3nicas de o\u00eddo y m\u00e1s"},"content":{"rendered":"<p>Durante cinco a\u00f1os, ADHEAR ha sido una opci\u00f3n de tratamiento para personas de todas las edades con p\u00e9rdida auditiva conductiva unilateral o bilateral, ya sea cr\u00f3nica o temporaria. Al ser un dispositivo de conducci\u00f3n \u00f3sea no quir\u00fargico, ADHEAR ha demostrado proporcionar a ni\u00f1os y adultos mejoras inmediatas en la audici\u00f3n. [1,2,3,4,5,6]<\/p>\n<h3>Celebramos m\u00e1s de cinco a\u00f1os de ADHEAR<\/h3>\n<p>Para celebrar el quinto aniversario de ADHEAR, entrevistamos a dos profesionales de la audici\u00f3n experimentados en su uso como tratamiento para distintos tipos de p\u00e9rdida auditiva. La primera es Giorgia Peri, que trabaja como audioprotesista en una cl\u00ednica de la audici\u00f3n especializada, en Roma, Italia. El segundo es Juan Pablo Valadez, un m\u00e9dico residente y audi\u00f3logo de M\u00e9xico que puede ofrecer sus observaciones como profesional y como usuario de ADHEAR.<\/p>\n<p><strong>ADHEAR ha estado en el mercado durante los \u00faltimos cinco a\u00f1os. En general, \u00bfnos puedes contar un poco sobre ti y sobre tu experiencia con ADHEAR?<\/strong><\/p>\n<p><strong>Giorgia Peri:<\/strong>\u00a0Soy profesional de la audici\u00f3n y tengo mucha experiencia en pediatr\u00eda. Durante quince a\u00f1os, he trabajado casi exclusivamente con ni\u00f1os de pocos meses, gracias a las revisiones auditivas para reci\u00e9n nacidos, y con ni\u00f1os m\u00e1s grandes, a quienes contin\u00fao dando seguimiento.<\/p>\n<p>Inmediatamente vi el valor de ADHEAR, ya que es un dispositivo interesante en un mundo en el que existe una cantidad limitada de aud\u00edfonos de conducci\u00f3n \u00f3sea convencionales, en comparaci\u00f3n con los de conducci\u00f3n por aire, de los cuales hay muchos. ADHEAR era algo nuevo.<\/p>\n<p><strong>Juan Pablo:<\/strong>\u00a0Como profesional de la salud, creo que es una alternativa excelente para pacientes con p\u00e9rdida de la audici\u00f3n conductiva. Antes de que se lanzara ADHEAR, en general, solo ten\u00edamos dos opciones: la primera eran los implantes de conducci\u00f3n \u00f3sea que, como ya sabemos, tienen la desventaja importante del costo, y desafortunadamente, muchos pacientes de Am\u00e9rica Latina no pueden pagarlos; y la segunda eran las bandas para la cabeza, que a\u00fan son la soluci\u00f3n de audici\u00f3n principal para estos pacientes en Am\u00e9rica Latina, ya que son f\u00e1ciles de conseguir. Pero tambi\u00e9n tienen grandes desventajas. Una de ellas es su aspecto, y como la mayor\u00eda de los pacientes son ni\u00f1os o adolescentes (sobre todo, varones), se reh\u00fasan a usar este tipo de dispositivo y se pierden de sus beneficios. Otra es que la calidad del sonido no es muy buena, y la presi\u00f3n que ejerce detr\u00e1s de la oreja para mejorar la conducci\u00f3n puede ser inc\u00f3moda, a veces, incluso dolorosa.<\/p>\n<p>ADHEAR es una soluci\u00f3n de audici\u00f3n revolucionaria para este tipo de pacientes, ya que se ve mejor y cuesta menos que los sistemas de implante de conducci\u00f3n \u00f3sea. Ha sido aceptado porque es f\u00e1cil de usar, porque es m\u00e1s discreto y porque ofrece mejor audici\u00f3n que la banda para la cabeza.<\/p>\n<p>Como usuario, puedo decir que la calidad de la audici\u00f3n que obtengo con este tipo de dispositivo es mucho mayor que la de los aud\u00edfonos con banda, ya que puedo distinguir mejor entre voces cuando hablo con m\u00e1s de una persona, lo que significa que me puedo comunicar directamente con ellas con m\u00e1s facilidad. He notado este beneficio a\u00fan m\u00e1s en los \u00faltimos a\u00f1os, en los que, a causa de la pandemia, los que tenemos p\u00e9rdida de la audici\u00f3n nos hemos esforzado para interactuar con personas que usan m\u00e1scaras o para entenderles. (Para saber m\u00e1s sobre el uso de soluciones de audici\u00f3n MED-EL con m\u00e1scaras, visite\u00a0<a href=\"https:\/\/blog.medel.pro\/mitigating-the-acoustic-impact-of-face-masks-with-hearing-implant-mapping\/\">Mitigar el impacto ac\u00fastico de las m\u00e1scaras con el mapeo del implante auditivo<\/a>.) Usar ADHEAR significa que puedo entender la mayor parte de las palabras que dicen, incluso cuando sus bocas est\u00e1n cubiertas. Otro beneficio importante es que ya no siento ninguna presi\u00f3n alrededor de las orejas, algo que era extremadamente molesto y doloroso, y me daba dolores de cabeza.<\/p>\n<p>&nbsp;<\/p>\n<p><strong>\u00bfTienes alguna historia interesante sobre el trabajo con ni\u00f1os j\u00f3venes que son usuarios de ADHEAR?<\/strong><\/p>\n<p><strong>Giorgia Peri:<\/strong>\u00a0Hay una historia conmovedora y divertida de un ni\u00f1o de cuatro a\u00f1os con atresia aural de un lado y microtia del otro, lo que daba como resultado una p\u00e9rdida de la audici\u00f3n conductiva bilateral grave. Estaba mirando y escuchando su dibujo animado favorito despu\u00e9s de que le di\u00e9ramos sus ADHEAR para ambos lados. Inmediatamente, empez\u00f3 a bailar por la habitaci\u00f3n al ritmo del sonido y la m\u00fasica, que ya no se sent\u00edan amortiguados para \u00e9l.<\/p>\n<p><strong>Juan Pablo:\u00a0<\/strong>Probamos ADHEAR en un ni\u00f1o de cinco meses con microtia, y fue maravilloso ver c\u00f3mo respond\u00eda a los est\u00edmulos auditivos con tanta alegr\u00eda, en lugar de la reacci\u00f3n de miedo que se ve a veces, cuando las personas oyen por primera vez. Respond\u00eda a los est\u00edmulos auditivos de su mam\u00e1, se re\u00eda a carcajadas y estaba emocionado y entusiasmado al mismo tiempo.<\/p>\n<p>En otra ocasi\u00f3n, durante el tratamiento de otro paciente con microtia bilateral, colocamos dos dispositivos ADHEAR. En la cita de seguimiento, su mam\u00e1 nos cont\u00f3 que el d\u00eda que se los colocamos, en cuanto llegaron a casa, su hijo fue a orinar y luego volvi\u00f3 corriendo y diciendo: \u00ab\u00a1Mam\u00e1, hace ruido cuando hago pis! \u00a1Hace ruido!\u00bb. Con l\u00e1grimas en los ojos, nos agradeci\u00f3 por darle esa oportunidad a su hijo.<\/p>\n<p><strong>\u00bfQu\u00e9 edades tienen sus pacientes con ADHEAR m\u00e1s peque\u00f1os y m\u00e1s grandes?<\/strong><\/p>\n<p><strong>Giorgia Peri:<\/strong>\u00a0Mi paciente m\u00e1s joven que usa ADHEAR tiene unos tres a\u00f1os. La m\u00e1s <em>vieja<\/em> est\u00e1 en su primer a\u00f1o de universidad. Es una joven bell\u00edsima que sufre de atresia aural unilateral, que atraves\u00f3 todo el proceso escolar sin ning\u00fan tipo de aud\u00edfono, ya que el o\u00eddo contralateral no ten\u00eda problema. Sin embargo, sabemos lo importante que puede ser la escucha biaural en algunas situaciones. Cuando comenz\u00f3 la universidad, not\u00f3 que ten\u00eda m\u00e1s dificultad para o\u00edr en grandes aulas, as\u00ed que decidi\u00f3 probar ADHEAR. \u00a1Unas semanas despu\u00e9s, hicimos pruebas y notamos una mejora de casi 3 dB en el ruido!<\/p>\n<p><strong>Juan Pablo:\u00a0<\/strong>Hasta ahora, el paciente m\u00e1s joven usuario de ADHEAR que he tenido ten\u00eda cinco meses, y el m\u00e1s viejo, 33 a\u00f1os.<\/p>\n<p><strong>\u00bfNos podr\u00edas contar una historia m\u00e1s en profundidad sobre alguno de tus pacientes que ahora sea usuario de ADHEAR? \u00bfA qu\u00e9 desaf\u00edos se enfrentaba en la vida diaria cuando lo conociste?<\/strong><\/p>\n<p><strong>Giorgia Peri:<\/strong>\u00a0Flavio era un ni\u00f1o de cuatro a\u00f1os con atresia aural unilateral que afecta la conductividad del o\u00eddo contralateral a causa de la flema (no resuelta con tratamientos farmacol\u00f3gicos) y, posiblemente, una malformaci\u00f3n en el o\u00eddo medio, de tal magnitud que se le indic\u00f3 el uso de un dispositivo de conducci\u00f3n \u00f3sea en el lado afectado por la atresia. Pero luego de reunirnos con su audi\u00f3logo, cre\u00edmos que era mejor como candidato para ADHEAR en ambos lados. Las pruebas de audici\u00f3n nos dieron la raz\u00f3n. Tuvimos un per\u00edodo de prueba, despu\u00e9s del cual, lo revaluamos, y Flavio ahora usa ambos dispositivos ADHEAR con mucho entusiasmo todo el d\u00eda.<\/p>\n<p><strong>Juan Pablo:\u00a0<\/strong>Les contare mi historia desde la perspectiva del personal de salud y tambi\u00e9n del usuario. El primer desaf\u00edo que enfrent\u00e9 fue acostumbrarme a la idea de poder o\u00edr sin ninguna presi\u00f3n, ya que estaba acostumbrado al aud\u00edfono con banda que siempre hab\u00eda usado, que necesita presi\u00f3n para funcionar \u2014de hecho, para o\u00edr mejor o para prestar m\u00e1s atenci\u00f3n, ten\u00eda el h\u00e1bito de hacer m\u00e1s presi\u00f3n en la pieza vibratoria que estaba sobre mi piel para aumentar la amplificaci\u00f3n. Fue dif\u00edcil acostumbrarme a este nuevo dispositivo porque, con ADHEAR, no necesito sentir ninguna presi\u00f3n, dolor o incomodidad para o\u00edr con claridad. Fue una idea fant\u00e1stica que revolucion\u00f3 la forma en la que oigo.<\/p>\n<p>Otro desaf\u00edo diario con el que ADHEAR me ayud\u00f3, y del cual no suele hablarse, o que puede parecer trivial, es que la banda para la cabeza es grande e inc\u00f3moda. Siempre ten\u00eda problemas para guardarla cuando estaba ejercitando, corriendo o en una emergencia porque, todo el tiempo, estaba preocupado por que empezara a llover y yo no tuviera ning\u00fan lugar para evitar que se mojara (y, cuando ejercitaba, ten\u00eda que evitar que se humedeciera con mi sudor).<\/p>\n<p>Una vez, estrope\u00e9 mi banda cuando estaba en un parque. Comenz\u00f3 a llover, y no ten\u00eda d\u00f3nde ponerla ni d\u00f3nde refugiarme. Eso no volver\u00e1 a ocurrir porque ADHEAR es mucho m\u00e1s peque\u00f1o, as\u00ed que es muy f\u00e1cil quit\u00e1rmelos y guardarlo en una funda en mi mochila. Puede parecer algo sin importancia, pero es algo que realmente nos importa a los usuarios.<\/p>\n<h3>ADHEAR para la p\u00e9rdida de la audici\u00f3n conductiva y la hipoacusia unilateral<\/h3>\n<p><strong>\u00bfAlguna vez ha recomendado ADHEAR en casos de p\u00e9rdida de la audici\u00f3n adquirida, como la cr\u00f3nica o la otitis media grave, posterior a la cirug\u00eda de o\u00eddo medio, o la estenosis causada por infecciones del canal auditivo?<\/strong><\/p>\n<p><strong>Giorgia Peri:\u00a0<\/strong>En mi pa\u00eds, como audioprotesista profesional, debo seguir la indicaci\u00f3n del audi\u00f3logo del departamento de ORL.<\/p>\n<p><strong>Juan Pablo<\/strong>: S\u00ed, principalmente para ni\u00f1os de menos de cinco a\u00f1os, para ayudarlos a evitar problemas con el desarrollo del lenguaje.<\/p>\n<p><strong>\u00bfHabitualmente recomienda ADHEAR en casos de p\u00e9rdida de la audici\u00f3n conductiva cong\u00e9nita, como microtia, anotia, estenosis y malformaci\u00f3n del o\u00eddo medio?<\/strong><\/p>\n<p><strong>Juan Pablo:\u00a0<\/strong>S\u00ed, ADHEAR ha sido una gran opci\u00f3n, especialmente en los pa\u00edses latinoamericanos, donde es dif\u00edcil conseguir implantes de conducci\u00f3n \u00f3sea, ya sea porque son demasiado caros o porque el sistema de salud no los cubre. Y es particularmente bueno para pacientes de menos de cinco, ya que no se pierde el tiempo y esto significa que podemos darle la habilidad para o\u00edr desde una edad temprana.<\/p>\n<p>Es importante aclarar que ADHEAR es un dispositivo f\u00e1cil de usar, ya que no causa incomodidad o dolor al colocarlo.<\/p>\n<p><strong>\u00bfTu cl\u00ednica o centro de la audici\u00f3n tiene experiencia en el tratamiento de la hipoacusia unilateral con ADHEAR?<\/strong><\/p>\n<p><strong>Giorgia Peri:<\/strong>\u00a0Se me vienen dos casos a la cabeza. Un ni\u00f1o de cuatro a\u00f1os con atresia aural unilateral y una ni\u00f1a de doce con hipoacusia unilateral; ambos recibieron un ADHEAR, con resultados excelentes. En mi opini\u00f3n, las intervenciones tempranas son necesarias, incluso en estos casos, obviamente, habiendo evaluado cada caso en particular porque, cuanto antes, mejor.<\/p>\n<p><strong>Juan Pablo:\u00a0<\/strong>Hemos tenido experiencias geniales con pacientes con hipoacusia unilateral porque esto significa que podemos devolverles la sensaci\u00f3n de o\u00edr en ambos o\u00eddos sin sentir ninguna obstrucci\u00f3n en su o\u00eddo sano. Probamos el sistema ADHEAR en usuarios con hipoacusia unilateral de diferentes edades y en varias profesiones con resultados satisfactorios, y lo prefieren antes que al sistema CROS.<\/p>\n<p><strong>\u00bfHay alg\u00fan tipo de caso en particular que tiendes a tratar o no tratar con ADHEAR?<\/strong><\/p>\n<p><strong>Giorgia Peri:<\/strong>\u00a0En ocasiones, no podemos usar ADHEAR por la falta de espacio entre el pabell\u00f3n auricular. Para que quede claro, me refiero al espacio que ocupa el adhesivo, esto puede ser una limitaci\u00f3n.<\/p>\n<p><strong>Juan Pablo:\u00a0<\/strong>Siempre hay que examinar al paciente a fondo porque ofrecer un dispositivo o un aud\u00edfono no es lo mismo que recomendar una receta para usar en la cocina. Hay que evaluar al paciente cuidadosamente y darle las mejores opciones, siempre con el objetivo de darle el mayor beneficio. Para los pacientes con p\u00e9rdida de la audici\u00f3n conductiva (cong\u00e9nita o adquirida) y con p\u00e9rdida de la audici\u00f3n unilateral, casi siempre recomiendo ADHEAR porque es f\u00e1cil de usar, es c\u00f3modo y funciona inmediatamente.<\/p>\n<h3>La vida diaria con ADHEAR<\/h3>\n<p><img loading=\"lazy\" decoding=\"async\" class=\"aligncenter wp-image-21901 size-full\" src=\"https:\/\/blog.medel.pro\/wp-content\/uploads\/2022\/11\/220502-med-el-music-campaign-v1.00_00_27_18.jpg\" alt=\"ADHEAR: Treatment for conductive hearing loss and single-sided deafness\" width=\"800\" height=\"400\" \/><\/p>\n<p><strong>\u00bfHas observado que la transici\u00f3n de la ni\u00f1ez a la adolescencia y la adultez tenga un efecto en los tiempos de uso y en la percepci\u00f3n que el usuario tiene del dispositivo?<\/strong><\/p>\n<p><strong>Giorgia Peri:<\/strong>\u00a0A medida que el ni\u00f1o crece, es posible que exprese el deseo de no seguir usando el dispositivo, obviamente, cuando tiene una p\u00e9rdida de la audici\u00f3n entre leve y moderada, y esto suele estar ligado a la dificultad de los padres de aceptarlo.\u00a0 Con frecuencia, son los padres los que buscan dispositivos que se vean lo menos posible. Para los aud\u00edfonos de conducci\u00f3n por aire, podemos complacerlos en t\u00e9rminos est\u00e9ticos, pero para la p\u00e9rdida de la audici\u00f3n conductiva, los dispositivos son bastante grandes y visibles, incluso hoy, lo que lleva al rechazo y a dejar de usarlos.<\/p>\n<p><strong>Juan Pablo:\u00a0<\/strong>Particularmente en los a\u00f1os de la adolescencia, los ni\u00f1os se vuelven m\u00e1s superficiales y se interesan en c\u00f3mo se ven; entonces, para evitar las burlas, empiezan a usar menos su dispositivo \u2014sobre todo, en la escuela, donde el dispositivo est\u00e1 muy a la vista, y ellos se sienten avergonzados. Por eso, debemos estar alertas a este tipo de paciente y tomar un abordaje variado e integrado para manejarlo. Es importante dejar claro que, sin importar c\u00f3mo se vea el dispositivo, necesitan usarlo para evitar que sus habilidades del lenguaje y de la escucha se deterioren, y para que se den cuenta de que, aunque la gente puede notar su aud\u00edfono, \u00a1la hipoacusia se nota m\u00e1s! Tal vez no podamos evitar que la gente se d\u00e9 vuelta para mirarlos cuando lo usan, pero podemos detener el deterioro de sus habilidades del lenguaje y de la escucha.<\/p>\n<p>Los adultos tienden a usar estos dispositivos por tiempos considerablemente m\u00e1s largos porque saben que los necesitan para comunicarse lo mejor posible, mantener relaciones con otras personas y escuchar las noticias.<\/p>\n<p>Con los ni\u00f1os, depende m\u00e1s de sus padres o de los adultos responsables porque los ni\u00f1os generalmente no se preocupan por c\u00f3mo se ven: esto ayuda a los padres y maestros a estimular el uso, as\u00ed que depende de cu\u00e1nto esfuerzo le pongan.<\/p>\n<p><strong>\u00bfTe parece que ADHEAR es bien recibido y que la gente se siente c\u00f3moda usando el dispositivo?\u00a0<\/strong><\/p>\n<p><strong>Giorgia Peri:<\/strong>\u00a0Con base en los comentarios que he recibido, dir\u00eda que esto se aplica en t\u00e9rminos pedi\u00e1tricos, pero no tengo experiencia pr\u00e1ctica con pacientes adultos.<\/p>\n<p><strong>Juan Pablo:<\/strong>\u00a0S\u00ed, aunque, obviamente, durante las primeras semanas, siempre hay cierta incertidumbre y ansiedad respecto de usar un dispositivo nuevo. Pero a medida que las semanas pasan, tanto los padres como los pacientes se adaptan bien, gracias al hecho de que es f\u00e1cil de usar, llevar y colocar.<\/p>\n<p><strong>En tu opini\u00f3n, \u00bfcu\u00e1l es uno de los beneficios m\u00e1s importantes que los usuarios y sus padres informan?\u00a0<\/strong><\/p>\n<p><strong>Giorgia Peri:<\/strong>\u00a0El uso del adhesivo es esencial, ya que la ausencia completa o parcial del pabell\u00f3n auricular no es una limitaci\u00f3n.<\/p>\n<p>Por primera vez, tenemos un dispositivo de audici\u00f3n de conducci\u00f3n \u00f3sea que no necesita anteojos o bandas para sostenerse o engancharse. Por lo tanto, el sistema adhesivo, ciertamente, es una alternativa bienvenida tanto por ni\u00f1os como padres. Con este tipo de acople, tenemos un agarre y un rendimiento \u00f3ptimos, pero cuando los ni\u00f1os son muy j\u00f3venes o cuando est\u00e1n haciendo ejercicio, el dispositivo se puede ajustar con una banda, y esta es una soluci\u00f3n alternativa que he usado en algunos casos.<\/p>\n<p><strong>Juan Pablo:\u00a0<\/strong>Los padres son los que se ponen m\u00e1s felices al ver un cambio radical en la personalidad de sus hijos cuando responden mejor a los est\u00edmulos auditivos. Durante los primeros d\u00edas, lo que m\u00e1s se ve es que se ponen emotivos cuando ven a sus hijos reaccionar a los sonidos, y algunos me han contado que finalmente pudieron experimentar esa etapa en la que los ni\u00f1os preguntan \u00ab\u00bfPor qu\u00e9?\u00bb todo el tiempo. El mayor beneficio es que su audici\u00f3n no tiene restricciones, as\u00ed que pueden interactuar socialmente con otros ni\u00f1os y desarrollarse con normalidad.<\/p>\n<p><strong>\u00bfHay alg\u00fan pedido com\u00fan frecuente de los padres de los usuarios de ADHEAR?\u00a0\u00a0<\/strong><\/p>\n<p><strong>Giorgia Peri:<\/strong>\u00a0Los pedidos principales tienen que ver con lo est\u00e9tico, el tama\u00f1o y el peso.<\/p>\n<p><strong>Juan Pablo:\u00a0<\/strong>Los pedidos principales est\u00e1n relacionados con la duraci\u00f3n del adhesivo, sobre todo, en regiones con climas h\u00famedos donde las temperaturas son m\u00e1s altas. Intento ayudarlos mejorando su habilidad para limpiar y colocar el dispositivo, y en la mayor\u00eda de los casos, tenemos que usar alg\u00fan adhesivo biol\u00f3gico externo (como el benju\u00ed). Tambi\u00e9n me preguntan sobre la personalizaci\u00f3n del software de programaci\u00f3n, y en esos casos, siempre les digo que el dispositivo viene con un software preconfigurado y que las modificaciones necesarias se efect\u00faan en casos muy espec\u00edficos.<\/p>\n<p><strong>\u00bfQu\u00e9 significa para ti, como profesional de la audici\u00f3n, tener ADHEAR en tu abanico de posibles soluciones de audici\u00f3n? \u00bfCu\u00e1l es el beneficio para un audioprotesista?<\/strong><\/p>\n<p><strong>Giorgia Peri:<\/strong>\u00a0Es genial tener la alternativa de un producto de conducci\u00f3n \u00f3sea que no sea muy invasivo<strong>.<\/strong><\/p>\n<p><strong>Juan Pablo:\u00a0<\/strong>Es un gran beneficio porque ADHEAR es un dispositivo dise\u00f1ado espec\u00edficamente para darles a los pacientes una audici\u00f3n de mayor calidad y un mejor filtro para percibir el mundo de los sonidos. Adem\u00e1s, est\u00e1 el hecho de es que f\u00e1cil de conseguir, no es muy caro y es simple para usar; as\u00ed que, para los pacientes para quienes la cirug\u00eda no es una opci\u00f3n (porque no tienen el tiempo o el dinero, o porque los asusta, etc.), ha revolucionado las soluciones de audici\u00f3n que podemos ofrecer.<\/p>\n<p>ADHEAR es una mejor opci\u00f3n que otros dispositivos, como aud\u00edfonos con bandas para la cabeza, que b\u00e1sicamente son aud\u00edfonos para la parte de atr\u00e1s de la oreja adaptados para la conducci\u00f3n \u00f3sea. Como no est\u00e1n dise\u00f1ados espec\u00edficamente para ese prop\u00f3sito, tienen ciertas limitaciones, deterioro y distorsi\u00f3n cuando transmiten los sonidos que captan.<\/p>\n<p><strong>En algunos pa\u00edses, obtener un rembolso no es un procedimiento r\u00e1pido ni simple. \u00bfC\u00f3mo afecta esto a su elecci\u00f3n entre las posibles opciones de tratamiento?<\/strong><\/p>\n<p><strong>Giorgia Peri:<\/strong>\u00a0Todos los dispositivos de conducci\u00f3n \u00f3sea o por aire adaptados para el uso pedi\u00e1trico est\u00e1n cubiertos parcial o completamente por los servicios de salud locales, dependiendo de la regi\u00f3n de Italia. Pienso que, por lo menos para los ni\u00f1os, se necesita una cobertura completa sin costos adicionales para la familia.<\/p>\n<p><strong>Juan Pablo:\u00a0<\/strong>Mucho. Porque aunque ADHEAR tiene una excelente relaci\u00f3n calidad\/precio, la mayor\u00eda de las familias en Am\u00e9rica Latina tiene recursos econ\u00f3micos limitados. En M\u00e9xico, el gobierno no proporciona ninguna asistencia para personas con p\u00e9rdida de la audici\u00f3n conductiva, y no siempre se logra que las grandes compa\u00f1\u00edas de seguro m\u00e9dico cubran los costos.<\/p>\n<p><strong><em>Un agradecimiento especial a Giorgia Peri y Juan Pablo por prestarnos su valioso tiempo y compartir sus opiniones con nosotros. \u00a0<\/em><\/strong><\/p>\n<p>Candidatos para ADHEAR<\/p>\n<p>Los candidatos deben tener conducci\u00f3n \u00f3sea normal, con umbrales de conducci\u00f3n iguales a 25\u00a0dB\u00a0HL (500\u20134000 Hz) o menores. Para la hipoacusia unilateral (es decir, hipoacusia neurosensorial profunda), la audici\u00f3n debe ser normal en el o\u00eddo contralateral.<\/p>\n<p>ADHEAR puede tratar la p\u00e9rdida de la audici\u00f3n conductiva causada por las siguientes afecciones:<\/p>\n<ul>\n<li>Microtia o atresia bilateral o unilateral<\/li>\n<li>Malformaci\u00f3n craneofacial<\/li>\n<li>Huesecillos da\u00f1ados<\/li>\n<li>Otoesclerosis (fase inicial)<\/li>\n<li>Estenosis del canal auditivo<\/li>\n<li>Perforaci\u00f3n cr\u00f3nica de la membrana timp\u00e1nica<\/li>\n<li>Disfunci\u00f3n persistente de la trompa de Eustaquio<\/li>\n<li>Bloqueo persistente de tubos de ventilaci\u00f3n<\/li>\n<li>Otitis externa cr\u00f3nica<\/li>\n<li>Otitis media cr\u00f3nica con derrame (otitis adhesiva)<\/li>\n<li>Tap\u00f3n de cera cr\u00f3nico<\/li>\n<\/ul>\n<p>Puede encontrar m\u00e1s informaci\u00f3n sobre los candidatos para ADHEAR, junto con audiogramas, en\u00a0<a href=\"https:\/\/www.medel.pro\/indications\">la p\u00e1gina de MED-EL para indicaciones profesionales<\/a>.<\/p>\n<p>ADHEAR en profundidad<\/p>\n<p>Para obtener m\u00e1s informaci\u00f3n sobre ADHEAR, visite la\u00a0<a href=\"https:\/\/www.medel.pro\/products\/adhear\">p\u00e1gina de ADHEAR para profesionales de MED-EL<\/a>\u00a0para comparar los resultados audiol\u00f3gicos con otras opciones de tratamiento comunes.<\/p>\n<p><a href=\"https:\/\/blog.medel.pro\/adhear-handling-tips\/\">Consejos y trucos de ADHEAR para profesionales<\/a><\/p>\n<p><a href=\"https:\/\/blog.medel.pro\/bone-conduction-single-sided-deafness-adhear-bonebridge\/\"> ADHEAR y BONEBRIDGE<\/a><\/p>\n<p><a href=\"https:\/\/blog.medel.pro\/children-with-congenital-microtia-atresia\/\">ADHEAR y BONEBRIDGE en ni\u00f1os con microtia-atresia cong\u00e9nita:<\/a><a href=\"https:\/\/blog.medel.pro\/children-with-congenital-microtia-atresia\/\"> Profesor Zhao<\/a><\/p>\n<h3><strong>Suscr\u00edbase para mantenerse informado<\/strong><\/h3>\n<p>No se pierda las pr\u00f3ximas actualizaciones de nuestro Blog de profesionales de MED-EL, \u00a1<a href=\"https:\/\/blog.medel.pro\/latam\/suscribase\/\">suscr\u00edbase ahora<\/a>!<\/p>\n<p>*No todos los productos, indicaciones y caracter\u00edsticas mostradas est\u00e1n disponibles en todas las \u00e1reas. P\u00f3ngase en contacto con su representante local de MED-EL para obtener m\u00e1s informaci\u00f3n.<\/p>\n<p><strong>REFERENCIAS<\/strong><\/p>\n<p>[1] Ratuszniak, A., Osinska, K., Koziel, M., Krol, B., Cywka, K. B., &amp; Skarzynski, H. (2019). A Comparative Study of a Novel Adhesive Bone Conduction Device and Conventional Treatment Options for Conductive Hearing Loss. Otology &amp; Neurotology, 40(7), 858\u2013864. https:\/\/doi.org\/10.1097\/mao.0000000000002323<\/p>\n<p>[2] Gawliczek, T., Munzinger, F., Anschuetz, L., Caversaccio, M., Kompis, M., &amp; Wimmer, W. (2018). Unilateral and Bilateral Audiological Benefit With an Adhesively Attached, Noninvasive Bone Conduction Hearing System. Otology &amp;Amp; Neurotology, 39(8), 1025\u20131030. https:\/\/doi.org\/10.1097\/mao.0000000000001924<\/p>\n<p>[3] Brill, I. T., Brill, S., &amp; Stark, T. (2019). Neue M\u00f6glichkeiten der Rehabilitation bei Schallleitungsschwerh\u00f6rigkeit. HNO, 67(9), 698\u2013705. https:\/\/doi.org\/10.1007\/s00106-019-0685-8<\/p>\n<p>[4] Favoreel, A., Heuninck, E., &amp; Mansbach, A. L. (2020). Audiological benefit and subjective satisfaction of children with the ADHEAR audio processor and adhesive adapter. International Journal of Pediatric Otorhinolaryngology, 129, 109729.\u00a0<a href=\"https:\/\/doi.org\/10.1016\/j.ijporl.2019.109729\">https:\/\/doi.org\/10.1016\/j.ijporl.2019.109729<\/a><\/p>\n<p>[5] MED-EL. (2020). The ADHEAR System \u2013 Review of clinical evidence and user satisfaction, rev. 1.2.<\/p>\n<p>[6] Neumann, K., Thomas, J. P., Voelter, C., &amp; Dazert, S. (2019). A new adhesive bone conduction hearing system effectively treats conductive hearing loss in children. International Journal of Pediatric Otorhinolaryngology, 122, 117\u2013125. https:\/\/doi.org\/10.1016\/j.ijporl.2019.03.014<\/p>\n<p>&nbsp;<\/p>\n<p>&nbsp;<\/p>\n<p>&nbsp;<\/p>\n<p>&nbsp;<\/p>\n","protected":false},"excerpt":{"rendered":"<p>Durante cinco a\u00f1os, ADHEAR ha sido una opci\u00f3n de tratamiento para personas de todas las edades con p\u00e9rdida auditiva conductiva unilateral o bilateral, ya sea cr\u00f3nica o temporaria. Al ser un dispositivo de conducci\u00f3n \u00f3sea no quir\u00fargico, ADHEAR ha demostrado proporcionar a ni\u00f1os y adultos mejoras inmediatas en la audici\u00f3n. [1,2,3,4,5,6] Celebramos m\u00e1s de cinco [&hellip;]<\/p>\n","protected":false},"author":8,"featured_media":28110,"comment_status":"open","ping_status":"open","sticky":false,"template":"","format":"standard","meta":{"footnotes":""},"categories":[2548,2554],"tags":[],"class_list":["post-28711","post","type-post","status-publish","format-standard","has-post-thumbnail","hentry","category-audiologia-latam","category-productos-y-actualizaciones-latam"],"acf":[],"yoast_head":"<!-- This site is optimized with the Yoast SEO plugin v27.2 - https:\/\/yoast.com\/product\/yoast-seo-wordpress\/ -->\n<title>Cinco a\u00f1os de ADHEAR: Tratamiento de la p\u00e9rdida auditiva por microtia, infecciones cr\u00f3nicas de o\u00eddo y m\u00e1s - MED-EL Professionals Blog<\/title>\n<meta name=\"description\" content=\"Durante cinco a\u00f1os, ADHEAR ha sido una opci\u00f3n de tratamiento para personas de todas las edades con p\u00e9rdida de la audici\u00f3n conductiva unilateral o bilateral, ya sea cr\u00f3nica o temporaria. Al ser un dispositivo de conducci\u00f3n \u00f3sea no quir\u00fargico, ADHEAR ha demostrado proporcionar a ni\u00f1os y adultos mejoras inmediatas en la audici\u00f3n.\" \/>\n<meta name=\"robots\" content=\"index, follow, max-snippet:-1, max-image-preview:large, max-video-preview:-1\" \/>\n<link rel=\"canonical\" href=\"https:\/\/blog.medel.pro\/latam\/audiologia-latam\/cinco-anos-de-adhear-tratamiento-de-la-perdida-auditiva-por-microtia-infecciones-cronicas-de-oido-y-mas\/\" \/>\n<meta property=\"og:locale\" content=\"es_ES\" \/>\n<meta property=\"og:type\" content=\"article\" \/>\n<meta property=\"og:title\" content=\"Cinco a\u00f1os de ADHEAR: Tratamiento de la p\u00e9rdida auditiva por microtia, infecciones cr\u00f3nicas de o\u00eddo y m\u00e1s - MED-EL Professionals Blog\" \/>\n<meta property=\"og:description\" content=\"Durante cinco a\u00f1os, ADHEAR ha sido una opci\u00f3n de tratamiento para personas de todas las edades con p\u00e9rdida de la audici\u00f3n conductiva unilateral o bilateral, ya sea cr\u00f3nica o temporaria. Al ser un dispositivo de conducci\u00f3n \u00f3sea no quir\u00fargico, ADHEAR ha demostrado proporcionar a ni\u00f1os y adultos mejoras inmediatas en la audici\u00f3n.\" \/>\n<meta property=\"og:url\" content=\"https:\/\/blog.medel.pro\/latam\/audiologia-latam\/cinco-anos-de-adhear-tratamiento-de-la-perdida-auditiva-por-microtia-infecciones-cronicas-de-oido-y-mas\/\" \/>\n<meta property=\"og:site_name\" content=\"MED-EL Professionals Blog\" \/>\n<meta property=\"article:published_time\" content=\"2022-11-17T18:22:34+00:00\" \/>\n<meta property=\"article:modified_time\" content=\"2023-03-15T14:24:53+00:00\" \/>\n<meta property=\"og:image\" content=\"https:\/\/blog.medel.pro\/wp-content\/uploads\/2023\/02\/smb_hq-en_post-adhear-5-years.jpg\" \/>\n\t<meta property=\"og:image:width\" content=\"800\" \/>\n\t<meta property=\"og:image:height\" content=\"400\" \/>\n\t<meta property=\"og:image:type\" content=\"image\/jpeg\" \/>\n<meta name=\"author\" content=\"MED-EL\" \/>\n<meta name=\"twitter:card\" content=\"summary_large_image\" \/>\n<meta name=\"twitter:creator\" content=\"@medel\" \/>\n<meta name=\"twitter:site\" content=\"@medel\" \/>\n<meta name=\"twitter:label1\" content=\"Written by\" \/>\n\t<meta name=\"twitter:data1\" content=\"MED-EL\" \/>\n\t<meta name=\"twitter:label2\" content=\"Est. reading time\" \/>\n\t<meta name=\"twitter:data2\" content=\"15 minutes\" \/>\n<script type=\"application\/ld+json\" class=\"yoast-schema-graph\">{\"@context\":\"https:\/\/schema.org\",\"@graph\":[{\"@type\":\"Article\",\"@id\":\"https:\/\/blog.medel.pro\/latam\/audiologia-latam\/cinco-anos-de-adhear-tratamiento-de-la-perdida-auditiva-por-microtia-infecciones-cronicas-de-oido-y-mas\/#article\",\"isPartOf\":{\"@id\":\"https:\/\/blog.medel.pro\/latam\/audiologia-latam\/cinco-anos-de-adhear-tratamiento-de-la-perdida-auditiva-por-microtia-infecciones-cronicas-de-oido-y-mas\/\"},\"author\":{\"name\":\"MED-EL\",\"@id\":\"https:\/\/blog.medel.pro\/de\/#\/schema\/person\/b81eab3e22287063f6f0d9e2499d0f02\"},\"headline\":\"Cinco a\u00f1os de ADHEAR: Tratamiento de la p\u00e9rdida auditiva por microtia, infecciones cr\u00f3nicas de o\u00eddo y m\u00e1s\",\"datePublished\":\"2022-11-17T18:22:34+00:00\",\"dateModified\":\"2023-03-15T14:24:53+00:00\",\"mainEntityOfPage\":{\"@id\":\"https:\/\/blog.medel.pro\/latam\/audiologia-latam\/cinco-anos-de-adhear-tratamiento-de-la-perdida-auditiva-por-microtia-infecciones-cronicas-de-oido-y-mas\/\"},\"wordCount\":3726,\"commentCount\":0,\"publisher\":{\"@id\":\"https:\/\/blog.medel.pro\/de\/#organization\"},\"image\":{\"@id\":\"https:\/\/blog.medel.pro\/latam\/audiologia-latam\/cinco-anos-de-adhear-tratamiento-de-la-perdida-auditiva-por-microtia-infecciones-cronicas-de-oido-y-mas\/#primaryimage\"},\"thumbnailUrl\":\"https:\/\/blog.medel.pro\/wp-content\/uploads\/2023\/02\/smb_hq-en_post-adhear-5-years.jpg\",\"articleSection\":[\"AUDIOLOG\u00cdA\",\"PRODUCTOS Y ACTUALIZACIONES\"],\"inLanguage\":\"es\",\"potentialAction\":[{\"@type\":\"CommentAction\",\"name\":\"Comment\",\"target\":[\"https:\/\/blog.medel.pro\/latam\/audiologia-latam\/cinco-anos-de-adhear-tratamiento-de-la-perdida-auditiva-por-microtia-infecciones-cronicas-de-oido-y-mas\/#respond\"]}]},{\"@type\":\"WebPage\",\"@id\":\"https:\/\/blog.medel.pro\/latam\/audiologia-latam\/cinco-anos-de-adhear-tratamiento-de-la-perdida-auditiva-por-microtia-infecciones-cronicas-de-oido-y-mas\/\",\"url\":\"https:\/\/blog.medel.pro\/latam\/audiologia-latam\/cinco-anos-de-adhear-tratamiento-de-la-perdida-auditiva-por-microtia-infecciones-cronicas-de-oido-y-mas\/\",\"name\":\"Cinco a\u00f1os de ADHEAR: Tratamiento de la p\u00e9rdida auditiva por microtia, infecciones cr\u00f3nicas de o\u00eddo y m\u00e1s - MED-EL Professionals Blog\",\"isPartOf\":{\"@id\":\"https:\/\/blog.medel.pro\/de\/#website\"},\"primaryImageOfPage\":{\"@id\":\"https:\/\/blog.medel.pro\/latam\/audiologia-latam\/cinco-anos-de-adhear-tratamiento-de-la-perdida-auditiva-por-microtia-infecciones-cronicas-de-oido-y-mas\/#primaryimage\"},\"image\":{\"@id\":\"https:\/\/blog.medel.pro\/latam\/audiologia-latam\/cinco-anos-de-adhear-tratamiento-de-la-perdida-auditiva-por-microtia-infecciones-cronicas-de-oido-y-mas\/#primaryimage\"},\"thumbnailUrl\":\"https:\/\/blog.medel.pro\/wp-content\/uploads\/2023\/02\/smb_hq-en_post-adhear-5-years.jpg\",\"datePublished\":\"2022-11-17T18:22:34+00:00\",\"dateModified\":\"2023-03-15T14:24:53+00:00\",\"description\":\"Durante cinco a\u00f1os, ADHEAR ha sido una opci\u00f3n de tratamiento para personas de todas las edades con p\u00e9rdida de la audici\u00f3n conductiva unilateral o bilateral, ya sea cr\u00f3nica o temporaria. Al ser un dispositivo de conducci\u00f3n \u00f3sea no quir\u00fargico, ADHEAR ha demostrado proporcionar a ni\u00f1os y adultos mejoras inmediatas en la audici\u00f3n.\",\"breadcrumb\":{\"@id\":\"https:\/\/blog.medel.pro\/latam\/audiologia-latam\/cinco-anos-de-adhear-tratamiento-de-la-perdida-auditiva-por-microtia-infecciones-cronicas-de-oido-y-mas\/#breadcrumb\"},\"inLanguage\":\"es\",\"potentialAction\":[{\"@type\":\"ReadAction\",\"target\":[\"https:\/\/blog.medel.pro\/latam\/audiologia-latam\/cinco-anos-de-adhear-tratamiento-de-la-perdida-auditiva-por-microtia-infecciones-cronicas-de-oido-y-mas\/\"]}]},{\"@type\":\"ImageObject\",\"inLanguage\":\"es\",\"@id\":\"https:\/\/blog.medel.pro\/latam\/audiologia-latam\/cinco-anos-de-adhear-tratamiento-de-la-perdida-auditiva-por-microtia-infecciones-cronicas-de-oido-y-mas\/#primaryimage\",\"url\":\"https:\/\/blog.medel.pro\/wp-content\/uploads\/2023\/02\/smb_hq-en_post-adhear-5-years.jpg\",\"contentUrl\":\"https:\/\/blog.medel.pro\/wp-content\/uploads\/2023\/02\/smb_hq-en_post-adhear-5-years.jpg\",\"width\":800,\"height\":400,\"caption\":\"ADHEAR: Treating Hearing Loss From Microtia, Chronic Ear Infections & More\"},{\"@type\":\"BreadcrumbList\",\"@id\":\"https:\/\/blog.medel.pro\/latam\/audiologia-latam\/cinco-anos-de-adhear-tratamiento-de-la-perdida-auditiva-por-microtia-infecciones-cronicas-de-oido-y-mas\/#breadcrumb\",\"itemListElement\":[{\"@type\":\"ListItem\",\"position\":1,\"name\":\"Home\",\"item\":\"https:\/\/blog.medel.pro\/latam\/\"},{\"@type\":\"ListItem\",\"position\":2,\"name\":\"Cinco a\u00f1os de ADHEAR: Tratamiento de la p\u00e9rdida auditiva por microtia, infecciones cr\u00f3nicas de o\u00eddo y m\u00e1s\"}]},{\"@type\":\"WebSite\",\"@id\":\"https:\/\/blog.medel.pro\/de\/#website\",\"url\":\"https:\/\/blog.medel.pro\/de\/\",\"name\":\"MED-EL Professionals Blog\",\"description\":\"\",\"publisher\":{\"@id\":\"https:\/\/blog.medel.pro\/de\/#organization\"},\"potentialAction\":[{\"@type\":\"SearchAction\",\"target\":{\"@type\":\"EntryPoint\",\"urlTemplate\":\"https:\/\/blog.medel.pro\/de\/?s={search_term_string}\"},\"query-input\":{\"@type\":\"PropertyValueSpecification\",\"valueRequired\":true,\"valueName\":\"search_term_string\"}}],\"inLanguage\":\"es\"},{\"@type\":\"Organization\",\"@id\":\"https:\/\/blog.medel.pro\/de\/#organization\",\"name\":\"MED-EL Professionals Blog\",\"url\":\"https:\/\/blog.medel.pro\/de\/\",\"logo\":{\"@type\":\"ImageObject\",\"inLanguage\":\"es\",\"@id\":\"https:\/\/blog.medel.pro\/de\/#\/schema\/logo\/image\/\",\"url\":\"https:\/\/blog.medel.pro\/wp-content\/uploads\/2023\/05\/MED-EL_RGB_Red_Symbol.jpg\",\"contentUrl\":\"https:\/\/blog.medel.pro\/wp-content\/uploads\/2023\/05\/MED-EL_RGB_Red_Symbol.jpg\",\"width\":200,\"height\":200,\"caption\":\"MED-EL Professionals Blog\"},\"image\":{\"@id\":\"https:\/\/blog.medel.pro\/de\/#\/schema\/logo\/image\/\"},\"sameAs\":[\"https:\/\/x.com\/medel\"]},{\"@type\":\"Person\",\"@id\":\"https:\/\/blog.medel.pro\/de\/#\/schema\/person\/b81eab3e22287063f6f0d9e2499d0f02\",\"name\":\"MED-EL\"}]}<\/script>\n<!-- \/ Yoast SEO plugin. -->","yoast_head_json":{"title":"Cinco a\u00f1os de ADHEAR: Tratamiento de la p\u00e9rdida auditiva por microtia, infecciones cr\u00f3nicas de o\u00eddo y m\u00e1s - MED-EL Professionals Blog","description":"Durante cinco a\u00f1os, ADHEAR ha sido una opci\u00f3n de tratamiento para personas de todas las edades con p\u00e9rdida de la audici\u00f3n conductiva unilateral o bilateral, ya sea cr\u00f3nica o temporaria. Al ser un dispositivo de conducci\u00f3n \u00f3sea no quir\u00fargico, ADHEAR ha demostrado proporcionar a ni\u00f1os y adultos mejoras inmediatas en la audici\u00f3n.","robots":{"index":"index","follow":"follow","max-snippet":"max-snippet:-1","max-image-preview":"max-image-preview:large","max-video-preview":"max-video-preview:-1"},"canonical":"https:\/\/blog.medel.pro\/latam\/audiologia-latam\/cinco-anos-de-adhear-tratamiento-de-la-perdida-auditiva-por-microtia-infecciones-cronicas-de-oido-y-mas\/","og_locale":"es_ES","og_type":"article","og_title":"Cinco a\u00f1os de ADHEAR: Tratamiento de la p\u00e9rdida auditiva por microtia, infecciones cr\u00f3nicas de o\u00eddo y m\u00e1s - MED-EL Professionals Blog","og_description":"Durante cinco a\u00f1os, ADHEAR ha sido una opci\u00f3n de tratamiento para personas de todas las edades con p\u00e9rdida de la audici\u00f3n conductiva unilateral o bilateral, ya sea cr\u00f3nica o temporaria. Al ser un dispositivo de conducci\u00f3n \u00f3sea no quir\u00fargico, ADHEAR ha demostrado proporcionar a ni\u00f1os y adultos mejoras inmediatas en la audici\u00f3n.","og_url":"https:\/\/blog.medel.pro\/latam\/audiologia-latam\/cinco-anos-de-adhear-tratamiento-de-la-perdida-auditiva-por-microtia-infecciones-cronicas-de-oido-y-mas\/","og_site_name":"MED-EL Professionals Blog","article_published_time":"2022-11-17T18:22:34+00:00","article_modified_time":"2023-03-15T14:24:53+00:00","og_image":[{"width":800,"height":400,"url":"https:\/\/blog.medel.pro\/wp-content\/uploads\/2023\/02\/smb_hq-en_post-adhear-5-years.jpg","type":"image\/jpeg"}],"author":"MED-EL","twitter_card":"summary_large_image","twitter_creator":"@medel","twitter_site":"@medel","twitter_misc":{"Written by":"MED-EL","Est. reading time":"15 minutes"},"schema":{"@context":"https:\/\/schema.org","@graph":[{"@type":"Article","@id":"https:\/\/blog.medel.pro\/latam\/audiologia-latam\/cinco-anos-de-adhear-tratamiento-de-la-perdida-auditiva-por-microtia-infecciones-cronicas-de-oido-y-mas\/#article","isPartOf":{"@id":"https:\/\/blog.medel.pro\/latam\/audiologia-latam\/cinco-anos-de-adhear-tratamiento-de-la-perdida-auditiva-por-microtia-infecciones-cronicas-de-oido-y-mas\/"},"author":{"name":"MED-EL","@id":"https:\/\/blog.medel.pro\/de\/#\/schema\/person\/b81eab3e22287063f6f0d9e2499d0f02"},"headline":"Cinco a\u00f1os de ADHEAR: Tratamiento de la p\u00e9rdida auditiva por microtia, infecciones cr\u00f3nicas de o\u00eddo y m\u00e1s","datePublished":"2022-11-17T18:22:34+00:00","dateModified":"2023-03-15T14:24:53+00:00","mainEntityOfPage":{"@id":"https:\/\/blog.medel.pro\/latam\/audiologia-latam\/cinco-anos-de-adhear-tratamiento-de-la-perdida-auditiva-por-microtia-infecciones-cronicas-de-oido-y-mas\/"},"wordCount":3726,"commentCount":0,"publisher":{"@id":"https:\/\/blog.medel.pro\/de\/#organization"},"image":{"@id":"https:\/\/blog.medel.pro\/latam\/audiologia-latam\/cinco-anos-de-adhear-tratamiento-de-la-perdida-auditiva-por-microtia-infecciones-cronicas-de-oido-y-mas\/#primaryimage"},"thumbnailUrl":"https:\/\/blog.medel.pro\/wp-content\/uploads\/2023\/02\/smb_hq-en_post-adhear-5-years.jpg","articleSection":["AUDIOLOG\u00cdA","PRODUCTOS Y ACTUALIZACIONES"],"inLanguage":"es","potentialAction":[{"@type":"CommentAction","name":"Comment","target":["https:\/\/blog.medel.pro\/latam\/audiologia-latam\/cinco-anos-de-adhear-tratamiento-de-la-perdida-auditiva-por-microtia-infecciones-cronicas-de-oido-y-mas\/#respond"]}]},{"@type":"WebPage","@id":"https:\/\/blog.medel.pro\/latam\/audiologia-latam\/cinco-anos-de-adhear-tratamiento-de-la-perdida-auditiva-por-microtia-infecciones-cronicas-de-oido-y-mas\/","url":"https:\/\/blog.medel.pro\/latam\/audiologia-latam\/cinco-anos-de-adhear-tratamiento-de-la-perdida-auditiva-por-microtia-infecciones-cronicas-de-oido-y-mas\/","name":"Cinco a\u00f1os de ADHEAR: Tratamiento de la p\u00e9rdida auditiva por microtia, infecciones cr\u00f3nicas de o\u00eddo y m\u00e1s - MED-EL Professionals Blog","isPartOf":{"@id":"https:\/\/blog.medel.pro\/de\/#website"},"primaryImageOfPage":{"@id":"https:\/\/blog.medel.pro\/latam\/audiologia-latam\/cinco-anos-de-adhear-tratamiento-de-la-perdida-auditiva-por-microtia-infecciones-cronicas-de-oido-y-mas\/#primaryimage"},"image":{"@id":"https:\/\/blog.medel.pro\/latam\/audiologia-latam\/cinco-anos-de-adhear-tratamiento-de-la-perdida-auditiva-por-microtia-infecciones-cronicas-de-oido-y-mas\/#primaryimage"},"thumbnailUrl":"https:\/\/blog.medel.pro\/wp-content\/uploads\/2023\/02\/smb_hq-en_post-adhear-5-years.jpg","datePublished":"2022-11-17T18:22:34+00:00","dateModified":"2023-03-15T14:24:53+00:00","description":"Durante cinco a\u00f1os, ADHEAR ha sido una opci\u00f3n de tratamiento para personas de todas las edades con p\u00e9rdida de la audici\u00f3n conductiva unilateral o bilateral, ya sea cr\u00f3nica o temporaria. Al ser un dispositivo de conducci\u00f3n \u00f3sea no quir\u00fargico, ADHEAR ha demostrado proporcionar a ni\u00f1os y adultos mejoras inmediatas en la audici\u00f3n.","breadcrumb":{"@id":"https:\/\/blog.medel.pro\/latam\/audiologia-latam\/cinco-anos-de-adhear-tratamiento-de-la-perdida-auditiva-por-microtia-infecciones-cronicas-de-oido-y-mas\/#breadcrumb"},"inLanguage":"es","potentialAction":[{"@type":"ReadAction","target":["https:\/\/blog.medel.pro\/latam\/audiologia-latam\/cinco-anos-de-adhear-tratamiento-de-la-perdida-auditiva-por-microtia-infecciones-cronicas-de-oido-y-mas\/"]}]},{"@type":"ImageObject","inLanguage":"es","@id":"https:\/\/blog.medel.pro\/latam\/audiologia-latam\/cinco-anos-de-adhear-tratamiento-de-la-perdida-auditiva-por-microtia-infecciones-cronicas-de-oido-y-mas\/#primaryimage","url":"https:\/\/blog.medel.pro\/wp-content\/uploads\/2023\/02\/smb_hq-en_post-adhear-5-years.jpg","contentUrl":"https:\/\/blog.medel.pro\/wp-content\/uploads\/2023\/02\/smb_hq-en_post-adhear-5-years.jpg","width":800,"height":400,"caption":"ADHEAR: Treating Hearing Loss From Microtia, Chronic Ear Infections & More"},{"@type":"BreadcrumbList","@id":"https:\/\/blog.medel.pro\/latam\/audiologia-latam\/cinco-anos-de-adhear-tratamiento-de-la-perdida-auditiva-por-microtia-infecciones-cronicas-de-oido-y-mas\/#breadcrumb","itemListElement":[{"@type":"ListItem","position":1,"name":"Home","item":"https:\/\/blog.medel.pro\/latam\/"},{"@type":"ListItem","position":2,"name":"Cinco a\u00f1os de ADHEAR: Tratamiento de la p\u00e9rdida auditiva por microtia, infecciones cr\u00f3nicas de o\u00eddo y m\u00e1s"}]},{"@type":"WebSite","@id":"https:\/\/blog.medel.pro\/de\/#website","url":"https:\/\/blog.medel.pro\/de\/","name":"MED-EL Professionals Blog","description":"","publisher":{"@id":"https:\/\/blog.medel.pro\/de\/#organization"},"potentialAction":[{"@type":"SearchAction","target":{"@type":"EntryPoint","urlTemplate":"https:\/\/blog.medel.pro\/de\/?s={search_term_string}"},"query-input":{"@type":"PropertyValueSpecification","valueRequired":true,"valueName":"search_term_string"}}],"inLanguage":"es"},{"@type":"Organization","@id":"https:\/\/blog.medel.pro\/de\/#organization","name":"MED-EL Professionals Blog","url":"https:\/\/blog.medel.pro\/de\/","logo":{"@type":"ImageObject","inLanguage":"es","@id":"https:\/\/blog.medel.pro\/de\/#\/schema\/logo\/image\/","url":"https:\/\/blog.medel.pro\/wp-content\/uploads\/2023\/05\/MED-EL_RGB_Red_Symbol.jpg","contentUrl":"https:\/\/blog.medel.pro\/wp-content\/uploads\/2023\/05\/MED-EL_RGB_Red_Symbol.jpg","width":200,"height":200,"caption":"MED-EL Professionals Blog"},"image":{"@id":"https:\/\/blog.medel.pro\/de\/#\/schema\/logo\/image\/"},"sameAs":["https:\/\/x.com\/medel"]},{"@type":"Person","@id":"https:\/\/blog.medel.pro\/de\/#\/schema\/person\/b81eab3e22287063f6f0d9e2499d0f02","name":"MED-EL"}]}},"_links":{"self":[{"href":"https:\/\/blog.medel.pro\/latam\/wp-json\/wp\/v2\/posts\/28711","targetHints":{"allow":["GET"]}}],"collection":[{"href":"https:\/\/blog.medel.pro\/latam\/wp-json\/wp\/v2\/posts"}],"about":[{"href":"https:\/\/blog.medel.pro\/latam\/wp-json\/wp\/v2\/types\/post"}],"author":[{"embeddable":true,"href":"https:\/\/blog.medel.pro\/latam\/wp-json\/wp\/v2\/users\/8"}],"replies":[{"embeddable":true,"href":"https:\/\/blog.medel.pro\/latam\/wp-json\/wp\/v2\/comments?post=28711"}],"version-history":[{"count":1,"href":"https:\/\/blog.medel.pro\/latam\/wp-json\/wp\/v2\/posts\/28711\/revisions"}],"predecessor-version":[{"id":28712,"href":"https:\/\/blog.medel.pro\/latam\/wp-json\/wp\/v2\/posts\/28711\/revisions\/28712"}],"wp:featuredmedia":[{"embeddable":true,"href":"https:\/\/blog.medel.pro\/latam\/wp-json\/wp\/v2\/media\/28110"}],"wp:attachment":[{"href":"https:\/\/blog.medel.pro\/latam\/wp-json\/wp\/v2\/media?parent=28711"}],"wp:term":[{"taxonomy":"category","embeddable":true,"href":"https:\/\/blog.medel.pro\/latam\/wp-json\/wp\/v2\/categories?post=28711"},{"taxonomy":"post_tag","embeddable":true,"href":"https:\/\/blog.medel.pro\/latam\/wp-json\/wp\/v2\/tags?post=28711"}],"curies":[{"name":"wp","href":"https:\/\/api.w.org\/{rel}","templated":true}]}}