{"id":28621,"date":"2020-12-10T21:43:33","date_gmt":"2020-12-10T21:43:33","guid":{"rendered":"https:\/\/blog.medel.pro\/teleconsulta-presentamos-los-paquetes-de-lecciones-remotas-de-med-el\/"},"modified":"2023-03-15T14:24:32","modified_gmt":"2023-03-15T14:24:32","slug":"teleconsulta-presentamos-los-paquetes-de-lecciones-remotas-de-med-el","status":"publish","type":"post","link":"https:\/\/blog.medel.pro\/latam\/rehabilitacion\/teleconsulta-presentamos-los-paquetes-de-lecciones-remotas-de-med-el\/","title":{"rendered":"Teleconsulta: Presentamos los Paquetes de lecciones remotas de MED-EL"},"content":{"rendered":"<p><em>En el art\u00edculo de hoy,\u00a0<\/em><a href=\"https:\/\/blog.medel.pro\/themed-lesson-kits-rehabilitation\/\"><em>Rebecca Claridge<\/em><\/a><em>, pat\u00f3loga del habla y el lenguaje, y gerente de Rehabilitaci\u00f3n de MED-EL, nos presenta una nueva serie de paquetes de recursos profesionales dise\u00f1ados espec\u00edficamente para asistir a la teleconsulta.<\/em><\/p>\n<p>Entendemos que muchos profesionales est\u00e1n enfrentando nuevos desaf\u00edos, inclusive un aumento repentino y dr\u00e1stico en la demanda de servicios de rehabilitaci\u00f3n auditiva v\u00eda teleconsulta. Estamos aqu\u00ed para asistirlo con recursos digitales y gu\u00edas pr\u00e1cticas para empezar a proporcionar rehabilitaci\u00f3n remota.<\/p>\n<p>Hoy exploraremos el tema de la teleconsulta y compartiremos un pr\u00e1ctico paquete de recursos digitales gratuito que puede ayudarlo a comenzar con el uso de la teleconsulta para continuar proporcionando un servicio de calidad a las familias con ni\u00f1os que utilizan tecnolog\u00eda auditiva.<\/p>\n<p>Este paquete est\u00e1 dise\u00f1ado para audi\u00f3logos, terapeutas de rehabilitaci\u00f3n, pat\u00f3logos del habla y el lenguaje y cualquier otra persona que trabaje con ni\u00f1os con discapacidad auditiva. Al final del art\u00edculo, encontrar\u00e1 un v\u00ednculo de descarga gratuito para el paquete de recursos en PDF y un juego de diapositivas.<\/p>\n<h3><strong>D\u00f3nde empezar: La teleconsulta<\/strong><\/h3>\n<p>La teleconsulta incluye muchos tipos de servicios. En este art\u00edculo, utilizamos la palabra teleconsulta para describir servicios que se prestan a trav\u00e9s de videoconferencia, con el terapeuta y la familia en distintas ubicaciones. La teleconsulta tambi\u00e9n es conocida como telerehabilitaci\u00f3n, rehabilitaci\u00f3n remota, terapia remota, terapia a distancia, telesalud o teleintervenci\u00f3n.<\/p>\n<p>La provisi\u00f3n de intervenci\u00f3n por teleconsulta para familias con ni\u00f1os que utilizan tecnolog\u00eda auditiva ya fue documentada en 2005. A lo largo de los \u00faltimos diez a\u00f1os, ha habido un aumento regular en las investigaciones que demuestran la viabilidad y eficacia de la teleconsulta para esta poblaci\u00f3n. Asimismo, los investigadores han detallado los desaf\u00edos y los obst\u00e1culos informados por los terapeutas que ofrecen teleconsulta.<\/p>\n<p>Hemos resumido estos hallazgos para usted a continuaci\u00f3n. Para informaci\u00f3n m\u00e1s detallada, consulte las referencias al final de esta publicaci\u00f3n. Ahora veamos algunas de las preguntas m\u00e1s habituales sobre la teleconsulta.<\/p>\n<p><strong>\u00bfPor qu\u00e9 utilizar la teleconsulta?<\/strong><\/p>\n<ul>\n<li>Permite continuar brindando servicios a familias en tiempos de crisis comunitaria (o global)<\/li>\n<li>Proporciona acceso igualitario al servicio<\/li>\n<li>Satisface una demanda creciente de servicios de especialistas<\/li>\n<li>Supera barreras geogr\u00e1ficas<\/li>\n<li>Ofrece citas flexibles<\/li>\n<li>Minimiza los costos de transporte<\/li>\n<li>Aumenta la participaci\u00f3n familiar<\/li>\n<\/ul>\n<p><strong>\u00bfFunciona la teleconsulta?<\/strong><\/p>\n<p>Investigaciones llevadas a cabo por programas que ofrecen intervenci\u00f3n enfocada en la escucha y el lenguaje hablado, tanto en persona como v\u00eda teleconsulta, demuestran que los resultados de escucha son iguales despu\u00e9s de los seis meses, y los resultados de lenguaje no difieren despu\u00e9s de los dos a\u00f1os.<\/p>\n<p>Un estudio demostr\u00f3 un desarrollo acelerado del lenguaje hablado en el grupo de teleconsulta despu\u00e9s de seis meses.<\/p>\n<p><strong>\u00bfQu\u00e9 es necesario para la teleconsulta?<\/strong><\/p>\n<p>Con la tecnolog\u00eda hogare\u00f1a moderna, la teleconsulta es cada d\u00eda m\u00e1s accesible. Para comenzar, tanto el terapeuta como la familia necesitan:<\/p>\n<ul>\n<li>Computadora de escritorio o port\u00e1til.<\/li>\n<li>C\u00e1mara web y micr\u00f3fono.<\/li>\n<li>Conexi\u00f3n de Internet de alta velocidad<\/li>\n<li>Acceso a una plata forma de videoconferencia SEGURA, donde se resguarde al paciente y su familia con caracter\u00edsticas para compartir (algunos ejemplos son Skype, Zoom, Teams, Facetime, Adobe Connect, WeChat, Messenger), dependiendo de las plataformas habilitadas legalmente en su pa\u00eds.<\/li>\n<\/ul>\n<p>Para mejorar el rendimiento del audio, el terapeuta puede utilizar auriculares con micr\u00f3fono incorporado.<\/p>\n<p><strong>\u00bfCu\u00e1les son los desaf\u00edos de ofrecer teleconsulta que informan los profesionales?<\/strong><\/p>\n<ul>\n<li>La confiabilidad de Internet (aunque esto ha ido mejorando regularmente en a\u00f1os recientes)<\/li>\n<li>El desarrollo de las habilidades del especialista para ofrecer la teleconsulta<\/li>\n<li>El acceso y el desarrollo de recursos terap\u00e9uticos apropiados<\/li>\n<li>Compartir informaci\u00f3n con efectividad<\/li>\n<li>Manejar el comportamiento de los ni\u00f1os<\/li>\n<\/ul>\n<p><strong>Seg\u00fan los profesionales, \u00bfqu\u00e9 se asocia con la prestaci\u00f3n efectiva de la teleconsulta?<\/strong><\/p>\n<ul>\n<li>El uso de estrategias de orientaci\u00f3n para los padres<\/li>\n<li>La gesti\u00f3n del entorno, la ubicaci\u00f3n y el ambiente de la terapia<\/li>\n<\/ul>\n<p><strong>\u00bfQu\u00e9 piensan los padres\/tutores de la teleconsulta?<\/strong><\/p>\n<ul>\n<li>Inicialmente, son comunes las reservas sobre su efectividad<\/li>\n<li>La preocupaci\u00f3n de que el ni\u00f1o no coopere<\/li>\n<li>Despu\u00e9s de una prueba, la mayor\u00eda informa un alto nivel de satisfacci\u00f3n con la teleconsulta<\/li>\n<\/ul>\n<h3><strong>Paquetes de lecciones remotas de MED-EL<\/strong><\/h3>\n<p>Los paquetes de lecciones remotas de MED-EL est\u00e1n espec\u00edficamente dise\u00f1ados para abordar los desaf\u00edos identificados por los profesionales.<\/p>\n<p>Entendemos que esto puede ser nuevo para usted, por eso, los paquetes de lecciones remotas utilizan t\u00e9cnicas terap\u00e9uticas fundamentales en combinaci\u00f3n con recursos digitales f\u00e1ciles de usar.<\/p>\n<p>Cada paquete contiene:<\/p>\n<ul>\n<li>Una gu\u00eda paso a paso para ayudarlo a empezar con la teleconsulta<\/li>\n<li>Una descripci\u00f3n de las estrategias esenciales utilizadas para desarrollar la escucha y el lenguaje hablado.<\/li>\n<li>Consejos de orientaci\u00f3n para padres y manejo de la atenci\u00f3n del ni\u00f1o<\/li>\n<li>Un plan de lecciones multinivel con 4 actividades<\/li>\n<li>Instrucciones detalladas sobre c\u00f3mo presentar cada actividad<\/li>\n<li>Recursos que se pueden enviar a la familia por e-mail o impresos<\/li>\n<li>Un recurso digital de diapositivas en formato Power Point que se puede compartir en pantalla o enviar por e-mail<\/li>\n<li>V\u00ednculos a otros recursos en l\u00ednea de MED-EL que pueden ayudarlo a compartir informaci\u00f3n<\/li>\n<\/ul>\n<p>Habr\u00e1 4 paquetes de lecciones remotas en total. Cada paquete presenta nuevas estrategias y t\u00e9cnicas a los terapeutas y familias en un rango de actividades.<\/p>\n<p><a href=\"https:\/\/blog.medel.pro\/download\/10830\/\"><strong>Descargue ahora:<\/strong><\/a><a href=\"https:\/\/blog.medel.pro\/download\/10830\/\"><strong> Paquete de lecciones remotas de MED-EL #1 \u2013 Animales<\/strong><\/a><\/p>\n<p><a href=\"https:\/\/blog.medel.pro\/download\/10846\/\">Descargar juego de diapositivas:<\/a><a href=\"https:\/\/blog.medel.pro\/download\/10846\/\"> Animales\u00a0<\/a><\/p>\n<p><a href=\"https:\/\/blog.medel.pro\/download\/10876\/\">Descargar juego de diapositivas sin animaciones<\/a><\/p>\n<p><a href=\"https:\/\/blog.medel.pro\/download\/14579\/\"><strong>\u00a1Ahora disponible en ruso!\u00a0<\/strong><\/a><\/p>\n<p><a href=\"https:\/\/blog.medel.pro\/download\/14586\/\">\u00a1Ahora disponible en portugu\u00e9s!<\/a><\/p>\n<p><a href=\"https:\/\/blog.medel.pro\/download\/14592\/\"><strong>\u00a1Ahora disponible en espa\u00f1ol!<\/strong><\/a><\/p>\n<p><a href=\"https:\/\/blog.medel.pro\/download\/15222\/\"><strong>\u00a1Ahora disponible en italiano!<\/strong><\/a><\/p>\n<p>&nbsp;<\/p>\n<p><strong>\u00a1Ahora hay 3 paquetes de lecciones remotas adicionales disponibles!<\/strong><\/p>\n<p><a href=\"https:\/\/blog.medel.pro\/aural-rehabilitation-telepractice-remote-lesson-kit-2\/\">Paquete de lecciones remotas #2<\/a><\/p>\n<p><a href=\"https:\/\/blog.medel.pro\/remote-rehabilitation-for-young-children\/\">Paquete de lecciones remotas #3<\/a><\/p>\n<p><a href=\"https:\/\/blog.medel.pro\/remote-rehabilitation-lesson-kit-4\/\">Paquete de lecciones remotas #4<\/a><\/p>\n<p>&nbsp;<\/p>\n<h3><strong>Subscr\u00edbase y comparta<\/strong><\/h3>\n<p>Queremos que estos paquetes ayuden a tantas personas como sea posible. Si conoce a alguien que se podr\u00eda beneficiar con estos paquetes de lecciones, si\u00e9ntase libre de compartirlos.<\/p>\n","protected":false},"excerpt":{"rendered":"<p>En el art\u00edculo de hoy,\u00a0Rebecca Claridge, pat\u00f3loga del habla y el lenguaje, y gerente de Rehabilitaci\u00f3n de MED-EL, nos presenta una nueva serie de paquetes de recursos profesionales dise\u00f1ados espec\u00edficamente para asistir a la teleconsulta. Entendemos que muchos profesionales est\u00e1n enfrentando nuevos desaf\u00edos, inclusive un aumento repentino y dr\u00e1stico en la demanda de servicios de [&hellip;]<\/p>\n","protected":false},"author":8,"featured_media":22523,"comment_status":"open","ping_status":"open","sticky":false,"template":"","format":"standard","meta":{"footnotes":""},"categories":[2553],"tags":[2414,2415,2416,2417,2418,2419],"class_list":["post-28621","post","type-post","status-publish","format-standard","has-post-thumbnail","hentry","category-rehabilitacion","tag-familia","tag-hiopacusia","tag-kits","tag-rehabilitacion","tag-rehabilitacion-auditiva","tag-terapia-del-lenguaje"],"acf":[],"yoast_head":"<!-- This site is optimized with the Yoast SEO plugin v27.2 - https:\/\/yoast.com\/product\/yoast-seo-wordpress\/ -->\n<title>Teleconsulta: Presentamos los Paquetes de lecciones remotas de MED-EL - MED-EL Professionals Blog<\/title>\n<meta name=\"robots\" content=\"index, follow, max-snippet:-1, max-image-preview:large, max-video-preview:-1\" \/>\n<link rel=\"canonical\" href=\"https:\/\/blog.medel.pro\/latam\/rehabilitacion\/teleconsulta-presentamos-los-paquetes-de-lecciones-remotas-de-med-el\/\" \/>\n<meta property=\"og:locale\" content=\"es_ES\" \/>\n<meta property=\"og:type\" content=\"article\" \/>\n<meta property=\"og:title\" content=\"Teleconsulta: Presentamos los Paquetes de lecciones remotas de MED-EL - MED-EL Professionals Blog\" \/>\n<meta property=\"og:description\" content=\"En el art\u00edculo de hoy,\u00a0Rebecca Claridge, pat\u00f3loga del habla y el lenguaje, y gerente de Rehabilitaci\u00f3n de MED-EL, nos presenta una nueva serie de paquetes de recursos profesionales dise\u00f1ados espec\u00edficamente para asistir a la teleconsulta. Entendemos que muchos profesionales est\u00e1n enfrentando nuevos desaf\u00edos, inclusive un aumento repentino y dr\u00e1stico en la demanda de servicios de [&hellip;]\" \/>\n<meta property=\"og:url\" content=\"https:\/\/blog.medel.pro\/latam\/rehabilitacion\/teleconsulta-presentamos-los-paquetes-de-lecciones-remotas-de-med-el\/\" \/>\n<meta property=\"og:site_name\" content=\"MED-EL Professionals Blog\" \/>\n<meta property=\"article:published_time\" content=\"2020-12-10T21:43:33+00:00\" \/>\n<meta property=\"article:modified_time\" content=\"2023-03-15T14:24:32+00:00\" \/>\n<meta property=\"og:image\" content=\"https:\/\/blog.medel.pro\/wp-content\/uploads\/2023\/02\/rlk-ipad-cover.jpg\" \/>\n\t<meta property=\"og:image:width\" content=\"800\" \/>\n\t<meta property=\"og:image:height\" content=\"400\" \/>\n\t<meta property=\"og:image:type\" content=\"image\/jpeg\" \/>\n<meta name=\"author\" content=\"MED-EL\" \/>\n<meta name=\"twitter:card\" content=\"summary_large_image\" \/>\n<meta name=\"twitter:creator\" content=\"@medel\" \/>\n<meta name=\"twitter:site\" content=\"@medel\" \/>\n<meta name=\"twitter:label1\" content=\"Written by\" \/>\n\t<meta name=\"twitter:data1\" content=\"MED-EL\" \/>\n\t<meta name=\"twitter:label2\" content=\"Est. reading time\" \/>\n\t<meta name=\"twitter:data2\" content=\"5 minutes\" \/>\n<script type=\"application\/ld+json\" class=\"yoast-schema-graph\">{\"@context\":\"https:\/\/schema.org\",\"@graph\":[{\"@type\":\"Article\",\"@id\":\"https:\/\/blog.medel.pro\/latam\/rehabilitacion\/teleconsulta-presentamos-los-paquetes-de-lecciones-remotas-de-med-el\/#article\",\"isPartOf\":{\"@id\":\"https:\/\/blog.medel.pro\/latam\/rehabilitacion\/teleconsulta-presentamos-los-paquetes-de-lecciones-remotas-de-med-el\/\"},\"author\":{\"name\":\"MED-EL\",\"@id\":\"https:\/\/blog.medel.pro\/#\/schema\/person\/b81eab3e22287063f6f0d9e2499d0f02\"},\"headline\":\"Teleconsulta: Presentamos los Paquetes de lecciones remotas de MED-EL\",\"datePublished\":\"2020-12-10T21:43:33+00:00\",\"dateModified\":\"2023-03-15T14:24:32+00:00\",\"mainEntityOfPage\":{\"@id\":\"https:\/\/blog.medel.pro\/latam\/rehabilitacion\/teleconsulta-presentamos-los-paquetes-de-lecciones-remotas-de-med-el\/\"},\"wordCount\":1028,\"commentCount\":0,\"publisher\":{\"@id\":\"https:\/\/blog.medel.pro\/#organization\"},\"image\":{\"@id\":\"https:\/\/blog.medel.pro\/latam\/rehabilitacion\/teleconsulta-presentamos-los-paquetes-de-lecciones-remotas-de-med-el\/#primaryimage\"},\"thumbnailUrl\":\"https:\/\/blog.medel.pro\/wp-content\/uploads\/2023\/02\/rlk-ipad-cover.jpg\",\"keywords\":[\"Familia\",\"Hiopacusia\",\"Kits\",\"Rehabilitaci\u00f3n\",\"Rehabilitaci\u00f3n Auditiva\",\"Terapia del lenguaje\"],\"articleSection\":[\"REHABILITACI\u00d3N\"],\"inLanguage\":\"es\",\"potentialAction\":[{\"@type\":\"CommentAction\",\"name\":\"Comment\",\"target\":[\"https:\/\/blog.medel.pro\/latam\/rehabilitacion\/teleconsulta-presentamos-los-paquetes-de-lecciones-remotas-de-med-el\/#respond\"]}]},{\"@type\":\"WebPage\",\"@id\":\"https:\/\/blog.medel.pro\/latam\/rehabilitacion\/teleconsulta-presentamos-los-paquetes-de-lecciones-remotas-de-med-el\/\",\"url\":\"https:\/\/blog.medel.pro\/latam\/rehabilitacion\/teleconsulta-presentamos-los-paquetes-de-lecciones-remotas-de-med-el\/\",\"name\":\"Teleconsulta: Presentamos los Paquetes de lecciones remotas de MED-EL - MED-EL Professionals Blog\",\"isPartOf\":{\"@id\":\"https:\/\/blog.medel.pro\/#website\"},\"primaryImageOfPage\":{\"@id\":\"https:\/\/blog.medel.pro\/latam\/rehabilitacion\/teleconsulta-presentamos-los-paquetes-de-lecciones-remotas-de-med-el\/#primaryimage\"},\"image\":{\"@id\":\"https:\/\/blog.medel.pro\/latam\/rehabilitacion\/teleconsulta-presentamos-los-paquetes-de-lecciones-remotas-de-med-el\/#primaryimage\"},\"thumbnailUrl\":\"https:\/\/blog.medel.pro\/wp-content\/uploads\/2023\/02\/rlk-ipad-cover.jpg\",\"datePublished\":\"2020-12-10T21:43:33+00:00\",\"dateModified\":\"2023-03-15T14:24:32+00:00\",\"breadcrumb\":{\"@id\":\"https:\/\/blog.medel.pro\/latam\/rehabilitacion\/teleconsulta-presentamos-los-paquetes-de-lecciones-remotas-de-med-el\/#breadcrumb\"},\"inLanguage\":\"es\",\"potentialAction\":[{\"@type\":\"ReadAction\",\"target\":[\"https:\/\/blog.medel.pro\/latam\/rehabilitacion\/teleconsulta-presentamos-los-paquetes-de-lecciones-remotas-de-med-el\/\"]}]},{\"@type\":\"ImageObject\",\"inLanguage\":\"es\",\"@id\":\"https:\/\/blog.medel.pro\/latam\/rehabilitacion\/teleconsulta-presentamos-los-paquetes-de-lecciones-remotas-de-med-el\/#primaryimage\",\"url\":\"https:\/\/blog.medel.pro\/wp-content\/uploads\/2023\/02\/rlk-ipad-cover.jpg\",\"contentUrl\":\"https:\/\/blog.medel.pro\/wp-content\/uploads\/2023\/02\/rlk-ipad-cover.jpg\",\"width\":800,\"height\":400},{\"@type\":\"BreadcrumbList\",\"@id\":\"https:\/\/blog.medel.pro\/latam\/rehabilitacion\/teleconsulta-presentamos-los-paquetes-de-lecciones-remotas-de-med-el\/#breadcrumb\",\"itemListElement\":[{\"@type\":\"ListItem\",\"position\":1,\"name\":\"Home\",\"item\":\"https:\/\/blog.medel.pro\/latam\/\"},{\"@type\":\"ListItem\",\"position\":2,\"name\":\"Teleconsulta: Presentamos los Paquetes de lecciones remotas de MED-EL\"}]},{\"@type\":\"WebSite\",\"@id\":\"https:\/\/blog.medel.pro\/#website\",\"url\":\"https:\/\/blog.medel.pro\/\",\"name\":\"MED-EL Professionals Blog\",\"description\":\"\",\"publisher\":{\"@id\":\"https:\/\/blog.medel.pro\/#organization\"},\"potentialAction\":[{\"@type\":\"SearchAction\",\"target\":{\"@type\":\"EntryPoint\",\"urlTemplate\":\"https:\/\/blog.medel.pro\/?s={search_term_string}\"},\"query-input\":{\"@type\":\"PropertyValueSpecification\",\"valueRequired\":true,\"valueName\":\"search_term_string\"}}],\"inLanguage\":\"es\"},{\"@type\":\"Organization\",\"@id\":\"https:\/\/blog.medel.pro\/#organization\",\"name\":\"MED-EL Professionals Blog\",\"url\":\"https:\/\/blog.medel.pro\/\",\"logo\":{\"@type\":\"ImageObject\",\"inLanguage\":\"es\",\"@id\":\"https:\/\/blog.medel.pro\/#\/schema\/logo\/image\/\",\"url\":\"https:\/\/blog.medel.pro\/wp-content\/uploads\/2023\/05\/MED-EL_RGB_Red_Symbol.jpg\",\"contentUrl\":\"https:\/\/blog.medel.pro\/wp-content\/uploads\/2023\/05\/MED-EL_RGB_Red_Symbol.jpg\",\"width\":200,\"height\":200,\"caption\":\"MED-EL Professionals Blog\"},\"image\":{\"@id\":\"https:\/\/blog.medel.pro\/#\/schema\/logo\/image\/\"},\"sameAs\":[\"https:\/\/x.com\/medel\"]},{\"@type\":\"Person\",\"@id\":\"https:\/\/blog.medel.pro\/#\/schema\/person\/b81eab3e22287063f6f0d9e2499d0f02\",\"name\":\"MED-EL\"}]}<\/script>\n<!-- \/ Yoast SEO plugin. -->","yoast_head_json":{"title":"Teleconsulta: Presentamos los Paquetes de lecciones remotas de MED-EL - MED-EL Professionals Blog","robots":{"index":"index","follow":"follow","max-snippet":"max-snippet:-1","max-image-preview":"max-image-preview:large","max-video-preview":"max-video-preview:-1"},"canonical":"https:\/\/blog.medel.pro\/latam\/rehabilitacion\/teleconsulta-presentamos-los-paquetes-de-lecciones-remotas-de-med-el\/","og_locale":"es_ES","og_type":"article","og_title":"Teleconsulta: Presentamos los Paquetes de lecciones remotas de MED-EL - MED-EL Professionals Blog","og_description":"En el art\u00edculo de hoy,\u00a0Rebecca Claridge, pat\u00f3loga del habla y el lenguaje, y gerente de Rehabilitaci\u00f3n de MED-EL, nos presenta una nueva serie de paquetes de recursos profesionales dise\u00f1ados espec\u00edficamente para asistir a la teleconsulta. Entendemos que muchos profesionales est\u00e1n enfrentando nuevos desaf\u00edos, inclusive un aumento repentino y dr\u00e1stico en la demanda de servicios de [&hellip;]","og_url":"https:\/\/blog.medel.pro\/latam\/rehabilitacion\/teleconsulta-presentamos-los-paquetes-de-lecciones-remotas-de-med-el\/","og_site_name":"MED-EL Professionals Blog","article_published_time":"2020-12-10T21:43:33+00:00","article_modified_time":"2023-03-15T14:24:32+00:00","og_image":[{"width":800,"height":400,"url":"https:\/\/blog.medel.pro\/wp-content\/uploads\/2023\/02\/rlk-ipad-cover.jpg","type":"image\/jpeg"}],"author":"MED-EL","twitter_card":"summary_large_image","twitter_creator":"@medel","twitter_site":"@medel","twitter_misc":{"Written by":"MED-EL","Est. reading time":"5 minutes"},"schema":{"@context":"https:\/\/schema.org","@graph":[{"@type":"Article","@id":"https:\/\/blog.medel.pro\/latam\/rehabilitacion\/teleconsulta-presentamos-los-paquetes-de-lecciones-remotas-de-med-el\/#article","isPartOf":{"@id":"https:\/\/blog.medel.pro\/latam\/rehabilitacion\/teleconsulta-presentamos-los-paquetes-de-lecciones-remotas-de-med-el\/"},"author":{"name":"MED-EL","@id":"https:\/\/blog.medel.pro\/#\/schema\/person\/b81eab3e22287063f6f0d9e2499d0f02"},"headline":"Teleconsulta: Presentamos los Paquetes de lecciones remotas de MED-EL","datePublished":"2020-12-10T21:43:33+00:00","dateModified":"2023-03-15T14:24:32+00:00","mainEntityOfPage":{"@id":"https:\/\/blog.medel.pro\/latam\/rehabilitacion\/teleconsulta-presentamos-los-paquetes-de-lecciones-remotas-de-med-el\/"},"wordCount":1028,"commentCount":0,"publisher":{"@id":"https:\/\/blog.medel.pro\/#organization"},"image":{"@id":"https:\/\/blog.medel.pro\/latam\/rehabilitacion\/teleconsulta-presentamos-los-paquetes-de-lecciones-remotas-de-med-el\/#primaryimage"},"thumbnailUrl":"https:\/\/blog.medel.pro\/wp-content\/uploads\/2023\/02\/rlk-ipad-cover.jpg","keywords":["Familia","Hiopacusia","Kits","Rehabilitaci\u00f3n","Rehabilitaci\u00f3n Auditiva","Terapia del lenguaje"],"articleSection":["REHABILITACI\u00d3N"],"inLanguage":"es","potentialAction":[{"@type":"CommentAction","name":"Comment","target":["https:\/\/blog.medel.pro\/latam\/rehabilitacion\/teleconsulta-presentamos-los-paquetes-de-lecciones-remotas-de-med-el\/#respond"]}]},{"@type":"WebPage","@id":"https:\/\/blog.medel.pro\/latam\/rehabilitacion\/teleconsulta-presentamos-los-paquetes-de-lecciones-remotas-de-med-el\/","url":"https:\/\/blog.medel.pro\/latam\/rehabilitacion\/teleconsulta-presentamos-los-paquetes-de-lecciones-remotas-de-med-el\/","name":"Teleconsulta: Presentamos los Paquetes de lecciones remotas de MED-EL - MED-EL Professionals Blog","isPartOf":{"@id":"https:\/\/blog.medel.pro\/#website"},"primaryImageOfPage":{"@id":"https:\/\/blog.medel.pro\/latam\/rehabilitacion\/teleconsulta-presentamos-los-paquetes-de-lecciones-remotas-de-med-el\/#primaryimage"},"image":{"@id":"https:\/\/blog.medel.pro\/latam\/rehabilitacion\/teleconsulta-presentamos-los-paquetes-de-lecciones-remotas-de-med-el\/#primaryimage"},"thumbnailUrl":"https:\/\/blog.medel.pro\/wp-content\/uploads\/2023\/02\/rlk-ipad-cover.jpg","datePublished":"2020-12-10T21:43:33+00:00","dateModified":"2023-03-15T14:24:32+00:00","breadcrumb":{"@id":"https:\/\/blog.medel.pro\/latam\/rehabilitacion\/teleconsulta-presentamos-los-paquetes-de-lecciones-remotas-de-med-el\/#breadcrumb"},"inLanguage":"es","potentialAction":[{"@type":"ReadAction","target":["https:\/\/blog.medel.pro\/latam\/rehabilitacion\/teleconsulta-presentamos-los-paquetes-de-lecciones-remotas-de-med-el\/"]}]},{"@type":"ImageObject","inLanguage":"es","@id":"https:\/\/blog.medel.pro\/latam\/rehabilitacion\/teleconsulta-presentamos-los-paquetes-de-lecciones-remotas-de-med-el\/#primaryimage","url":"https:\/\/blog.medel.pro\/wp-content\/uploads\/2023\/02\/rlk-ipad-cover.jpg","contentUrl":"https:\/\/blog.medel.pro\/wp-content\/uploads\/2023\/02\/rlk-ipad-cover.jpg","width":800,"height":400},{"@type":"BreadcrumbList","@id":"https:\/\/blog.medel.pro\/latam\/rehabilitacion\/teleconsulta-presentamos-los-paquetes-de-lecciones-remotas-de-med-el\/#breadcrumb","itemListElement":[{"@type":"ListItem","position":1,"name":"Home","item":"https:\/\/blog.medel.pro\/latam\/"},{"@type":"ListItem","position":2,"name":"Teleconsulta: Presentamos los Paquetes de lecciones remotas de MED-EL"}]},{"@type":"WebSite","@id":"https:\/\/blog.medel.pro\/#website","url":"https:\/\/blog.medel.pro\/","name":"MED-EL Professionals Blog","description":"","publisher":{"@id":"https:\/\/blog.medel.pro\/#organization"},"potentialAction":[{"@type":"SearchAction","target":{"@type":"EntryPoint","urlTemplate":"https:\/\/blog.medel.pro\/?s={search_term_string}"},"query-input":{"@type":"PropertyValueSpecification","valueRequired":true,"valueName":"search_term_string"}}],"inLanguage":"es"},{"@type":"Organization","@id":"https:\/\/blog.medel.pro\/#organization","name":"MED-EL Professionals Blog","url":"https:\/\/blog.medel.pro\/","logo":{"@type":"ImageObject","inLanguage":"es","@id":"https:\/\/blog.medel.pro\/#\/schema\/logo\/image\/","url":"https:\/\/blog.medel.pro\/wp-content\/uploads\/2023\/05\/MED-EL_RGB_Red_Symbol.jpg","contentUrl":"https:\/\/blog.medel.pro\/wp-content\/uploads\/2023\/05\/MED-EL_RGB_Red_Symbol.jpg","width":200,"height":200,"caption":"MED-EL Professionals Blog"},"image":{"@id":"https:\/\/blog.medel.pro\/#\/schema\/logo\/image\/"},"sameAs":["https:\/\/x.com\/medel"]},{"@type":"Person","@id":"https:\/\/blog.medel.pro\/#\/schema\/person\/b81eab3e22287063f6f0d9e2499d0f02","name":"MED-EL"}]}},"_links":{"self":[{"href":"https:\/\/blog.medel.pro\/latam\/wp-json\/wp\/v2\/posts\/28621","targetHints":{"allow":["GET"]}}],"collection":[{"href":"https:\/\/blog.medel.pro\/latam\/wp-json\/wp\/v2\/posts"}],"about":[{"href":"https:\/\/blog.medel.pro\/latam\/wp-json\/wp\/v2\/types\/post"}],"author":[{"embeddable":true,"href":"https:\/\/blog.medel.pro\/latam\/wp-json\/wp\/v2\/users\/8"}],"replies":[{"embeddable":true,"href":"https:\/\/blog.medel.pro\/latam\/wp-json\/wp\/v2\/comments?post=28621"}],"version-history":[{"count":1,"href":"https:\/\/blog.medel.pro\/latam\/wp-json\/wp\/v2\/posts\/28621\/revisions"}],"predecessor-version":[{"id":28622,"href":"https:\/\/blog.medel.pro\/latam\/wp-json\/wp\/v2\/posts\/28621\/revisions\/28622"}],"wp:featuredmedia":[{"embeddable":true,"href":"https:\/\/blog.medel.pro\/latam\/wp-json\/wp\/v2\/media\/22523"}],"wp:attachment":[{"href":"https:\/\/blog.medel.pro\/latam\/wp-json\/wp\/v2\/media?parent=28621"}],"wp:term":[{"taxonomy":"category","embeddable":true,"href":"https:\/\/blog.medel.pro\/latam\/wp-json\/wp\/v2\/categories?post=28621"},{"taxonomy":"post_tag","embeddable":true,"href":"https:\/\/blog.medel.pro\/latam\/wp-json\/wp\/v2\/tags?post=28621"}],"curies":[{"name":"wp","href":"https:\/\/api.w.org\/{rel}","templated":true}]}}