{"id":35944,"date":"2025-06-24T07:00:23","date_gmt":"2025-06-24T05:00:23","guid":{"rendered":"https:\/\/blog.medel.pro\/?p=35944"},"modified":"2025-06-24T07:05:02","modified_gmt":"2025-06-24T05:05:02","slug":"spaet-implantierte-kinder","status":"publish","type":"post","link":"https:\/\/blog.medel.pro\/de\/rehabilitation-de\/spaet-implantierte-kinder\/","title":{"rendered":"Wie Lehrkr\u00e4fte sp\u00e4t implantierte Kinder im Unterricht unterst\u00fctzen k\u00f6nnen"},"content":{"rendered":"","protected":false},"excerpt":{"rendered":"<p>Kinder, die ihr Cochlea-Implantat sp\u00e4t erhalten haben, m\u00fcssen beim Schuleintritt h\u00e4ufig einen sprachlichen R\u00fcckstand gegen\u00fcber Gleichaltrigen aufholen. Lesen Sie, mit welchen besonderen Herausforderungen sp\u00e4t implantierte Kinder konfrontiert sind und wie Sie sie im Klassenzimmer unterst\u00fctzen k\u00f6nnen.<\/p>\n","protected":false},"author":8,"featured_media":33609,"comment_status":"open","ping_status":"open","sticky":false,"template":"","format":"standard","meta":{"footnotes":""},"categories":[2798],"tags":[2203,2804,3099,2956,2964,3097,2957,3100,2723,3096,2962,3098],"class_list":["post-35944","post","type-post","status-publish","format-standard","has-post-thumbnail","hentry","category-rehabilitation-de","tag-cochlea-implantat","tag-cochlea-implantat-fuer-kinder","tag-grundschule","tag-lehrer","tag-lehrkraefte","tag-lehrperson","tag-schule","tag-schule-mit-hoerverlust","tag-sprachentwicklung","tag-tipps","tag-unterricht","tag-volksschule"],"acf":[],"yoast_head":"<!-- This site is optimized with the Yoast SEO plugin v27.2 - https:\/\/yoast.com\/product\/yoast-seo-wordpress\/ -->\n<title>Wie Lehrkr\u00e4fte sp\u00e4t implantierte Kinder im Unterricht unterst\u00fctzen k\u00f6nnen - MED-EL Professionals Blog<\/title>\n<meta name=\"description\" content=\"Sp\u00e4t implantierte Kinder: So k\u00f6nnen Lehrpersonen Kinder, die ihr Cochlea-Implantat sp\u00e4t erhalten haben, in der Sprachentwicklung unterst\u00fctzen.\" \/>\n<meta name=\"robots\" content=\"index, follow, max-snippet:-1, max-image-preview:large, max-video-preview:-1\" \/>\n<link rel=\"canonical\" href=\"http:\/\/blog.medel.pro\/rehabilitation\/how-educators-can-support-children-who-receive-cochlear-implants-later\/\" \/>\n<meta property=\"og:locale\" content=\"de_DE\" \/>\n<meta property=\"og:type\" content=\"article\" \/>\n<meta property=\"og:title\" content=\"Wie Lehrkr\u00e4fte sp\u00e4t implantierte Kinder im Unterricht unterst\u00fctzen k\u00f6nnen - MED-EL Professionals Blog\" \/>\n<meta property=\"og:description\" content=\"Sp\u00e4t implantierte Kinder: So k\u00f6nnen Lehrpersonen Kinder, die ihr Cochlea-Implantat sp\u00e4t erhalten haben, in der Sprachentwicklung unterst\u00fctzen.\" \/>\n<meta property=\"og:url\" content=\"http:\/\/blog.medel.pro\/rehabilitation\/how-educators-can-support-children-who-receive-cochlear-implants-later\/\" \/>\n<meta property=\"og:site_name\" content=\"MED-EL Professionals Blog\" \/>\n<meta property=\"article:published_time\" content=\"2025-06-24T05:00:23+00:00\" \/>\n<meta property=\"article:modified_time\" content=\"2025-06-24T05:05:02+00:00\" \/>\n<meta property=\"og:image\" content=\"http:\/\/blog.medel.pro\/wp-content\/uploads\/2025\/04\/med-el_24_day1_eye5_danielzangerl-_366.jpg\" \/>\n\t<meta property=\"og:image:width\" content=\"1600\" \/>\n\t<meta property=\"og:image:height\" content=\"1000\" \/>\n\t<meta property=\"og:image:type\" content=\"image\/jpeg\" \/>\n<meta name=\"author\" content=\"MED-EL\" \/>\n<meta name=\"twitter:card\" content=\"summary_large_image\" \/>\n<meta name=\"twitter:creator\" content=\"@medel\" \/>\n<meta name=\"twitter:site\" content=\"@medel\" \/>\n<meta name=\"twitter:label1\" content=\"Verfasst von\" \/>\n\t<meta name=\"twitter:data1\" content=\"MED-EL\" \/>\n\t<meta name=\"twitter:label2\" content=\"Gesch\u00e4tzte Lesezeit\" \/>\n\t<meta name=\"twitter:data2\" content=\"5 Minuten\" \/>\n<script type=\"application\/ld+json\" class=\"yoast-schema-graph\">{\"@context\":\"https:\/\/schema.org\",\"@graph\":[{\"@type\":\"Article\",\"@id\":\"http:\/\/blog.medel.pro\/rehabilitation\/how-educators-can-support-children-who-receive-cochlear-implants-later\/#article\",\"isPartOf\":{\"@id\":\"http:\/\/blog.medel.pro\/rehabilitation\/how-educators-can-support-children-who-receive-cochlear-implants-later\/\"},\"author\":{\"name\":\"MED-EL\",\"@id\":\"https:\/\/blog.medel.pro\/#\/schema\/person\/b81eab3e22287063f6f0d9e2499d0f02\"},\"headline\":\"Wie Lehrkr\u00e4fte sp\u00e4t implantierte Kinder im Unterricht unterst\u00fctzen k\u00f6nnen\",\"datePublished\":\"2025-06-24T05:00:23+00:00\",\"dateModified\":\"2025-06-24T05:05:02+00:00\",\"mainEntityOfPage\":{\"@id\":\"http:\/\/blog.medel.pro\/rehabilitation\/how-educators-can-support-children-who-receive-cochlear-implants-later\/\"},\"wordCount\":13,\"commentCount\":0,\"publisher\":{\"@id\":\"https:\/\/blog.medel.pro\/#organization\"},\"image\":{\"@id\":\"http:\/\/blog.medel.pro\/rehabilitation\/how-educators-can-support-children-who-receive-cochlear-implants-later\/#primaryimage\"},\"thumbnailUrl\":\"https:\/\/blog.medel.pro\/wp-content\/uploads\/2025\/04\/med-el_24_day1_eye5_danielzangerl-_366.jpg\",\"keywords\":[\"Cochlea-Implantat\",\"Cochlea-Implantat f\u00fcr Kinder\",\"Grundschule\",\"Lehrer\",\"Lehrkr\u00e4fte\",\"Lehrperson\",\"Schule\",\"Schule mit H\u00f6rverlust\",\"Sprachentwicklung\",\"Tipps\",\"Unterricht\",\"Volksschule\"],\"articleSection\":[\"Rehabilitation\"],\"inLanguage\":\"de-DE\",\"potentialAction\":[{\"@type\":\"CommentAction\",\"name\":\"Comment\",\"target\":[\"http:\/\/blog.medel.pro\/rehabilitation\/how-educators-can-support-children-who-receive-cochlear-implants-later\/#respond\"]}]},{\"@type\":\"WebPage\",\"@id\":\"http:\/\/blog.medel.pro\/rehabilitation\/how-educators-can-support-children-who-receive-cochlear-implants-later\/\",\"url\":\"http:\/\/blog.medel.pro\/rehabilitation\/how-educators-can-support-children-who-receive-cochlear-implants-later\/\",\"name\":\"Wie Lehrkr\u00e4fte sp\u00e4t implantierte Kinder im Unterricht unterst\u00fctzen k\u00f6nnen - MED-EL Professionals Blog\",\"isPartOf\":{\"@id\":\"https:\/\/blog.medel.pro\/#website\"},\"primaryImageOfPage\":{\"@id\":\"http:\/\/blog.medel.pro\/rehabilitation\/how-educators-can-support-children-who-receive-cochlear-implants-later\/#primaryimage\"},\"image\":{\"@id\":\"http:\/\/blog.medel.pro\/rehabilitation\/how-educators-can-support-children-who-receive-cochlear-implants-later\/#primaryimage\"},\"thumbnailUrl\":\"https:\/\/blog.medel.pro\/wp-content\/uploads\/2025\/04\/med-el_24_day1_eye5_danielzangerl-_366.jpg\",\"datePublished\":\"2025-06-24T05:00:23+00:00\",\"dateModified\":\"2025-06-24T05:05:02+00:00\",\"description\":\"Sp\u00e4t implantierte Kinder: So k\u00f6nnen Lehrpersonen Kinder, die ihr Cochlea-Implantat sp\u00e4t erhalten haben, in der Sprachentwicklung unterst\u00fctzen.\",\"breadcrumb\":{\"@id\":\"http:\/\/blog.medel.pro\/rehabilitation\/how-educators-can-support-children-who-receive-cochlear-implants-later\/#breadcrumb\"},\"inLanguage\":\"de-DE\",\"potentialAction\":[{\"@type\":\"ReadAction\",\"target\":[\"http:\/\/blog.medel.pro\/rehabilitation\/how-educators-can-support-children-who-receive-cochlear-implants-later\/\"]}]},{\"@type\":\"ImageObject\",\"inLanguage\":\"de-DE\",\"@id\":\"http:\/\/blog.medel.pro\/rehabilitation\/how-educators-can-support-children-who-receive-cochlear-implants-later\/#primaryimage\",\"url\":\"https:\/\/blog.medel.pro\/wp-content\/uploads\/2025\/04\/med-el_24_day1_eye5_danielzangerl-_366.jpg\",\"contentUrl\":\"https:\/\/blog.medel.pro\/wp-content\/uploads\/2025\/04\/med-el_24_day1_eye5_danielzangerl-_366.jpg\",\"width\":1600,\"height\":1000,\"caption\":\"Sp\u00e4t implantierte Kinder ben\u00f6tigen zus\u00e4tzliche Unterst\u00fctzung im Schulunterricht\"},{\"@type\":\"BreadcrumbList\",\"@id\":\"http:\/\/blog.medel.pro\/rehabilitation\/how-educators-can-support-children-who-receive-cochlear-implants-later\/#breadcrumb\",\"itemListElement\":[{\"@type\":\"ListItem\",\"position\":1,\"name\":\"Home\",\"item\":\"https:\/\/blog.medel.pro\/de\/\"},{\"@type\":\"ListItem\",\"position\":2,\"name\":\"Wie Lehrkr\u00e4fte sp\u00e4t implantierte Kinder im Unterricht unterst\u00fctzen k\u00f6nnen\"}]},{\"@type\":\"WebSite\",\"@id\":\"https:\/\/blog.medel.pro\/#website\",\"url\":\"https:\/\/blog.medel.pro\/\",\"name\":\"MED-EL Professionals Blog\",\"description\":\"\",\"publisher\":{\"@id\":\"https:\/\/blog.medel.pro\/#organization\"},\"potentialAction\":[{\"@type\":\"SearchAction\",\"target\":{\"@type\":\"EntryPoint\",\"urlTemplate\":\"https:\/\/blog.medel.pro\/?s={search_term_string}\"},\"query-input\":{\"@type\":\"PropertyValueSpecification\",\"valueRequired\":true,\"valueName\":\"search_term_string\"}}],\"inLanguage\":\"de-DE\"},{\"@type\":\"Organization\",\"@id\":\"https:\/\/blog.medel.pro\/#organization\",\"name\":\"MED-EL Professionals Blog\",\"url\":\"https:\/\/blog.medel.pro\/\",\"logo\":{\"@type\":\"ImageObject\",\"inLanguage\":\"de-DE\",\"@id\":\"https:\/\/blog.medel.pro\/#\/schema\/logo\/image\/\",\"url\":\"https:\/\/blog.medel.pro\/wp-content\/uploads\/2023\/05\/MED-EL_RGB_Red_Symbol.jpg\",\"contentUrl\":\"https:\/\/blog.medel.pro\/wp-content\/uploads\/2023\/05\/MED-EL_RGB_Red_Symbol.jpg\",\"width\":200,\"height\":200,\"caption\":\"MED-EL Professionals Blog\"},\"image\":{\"@id\":\"https:\/\/blog.medel.pro\/#\/schema\/logo\/image\/\"},\"sameAs\":[\"https:\/\/x.com\/medel\"]},{\"@type\":\"Person\",\"@id\":\"https:\/\/blog.medel.pro\/#\/schema\/person\/b81eab3e22287063f6f0d9e2499d0f02\",\"name\":\"MED-EL\"}]}<\/script>\n<!-- \/ Yoast SEO plugin. -->","yoast_head_json":{"title":"Wie Lehrkr\u00e4fte sp\u00e4t implantierte Kinder im Unterricht unterst\u00fctzen k\u00f6nnen - MED-EL Professionals Blog","description":"Sp\u00e4t implantierte Kinder: So k\u00f6nnen Lehrpersonen Kinder, die ihr Cochlea-Implantat sp\u00e4t erhalten haben, in der Sprachentwicklung unterst\u00fctzen.","robots":{"index":"index","follow":"follow","max-snippet":"max-snippet:-1","max-image-preview":"max-image-preview:large","max-video-preview":"max-video-preview:-1"},"canonical":"http:\/\/blog.medel.pro\/rehabilitation\/how-educators-can-support-children-who-receive-cochlear-implants-later\/","og_locale":"de_DE","og_type":"article","og_title":"Wie Lehrkr\u00e4fte sp\u00e4t implantierte Kinder im Unterricht unterst\u00fctzen k\u00f6nnen - MED-EL Professionals Blog","og_description":"Sp\u00e4t implantierte Kinder: So k\u00f6nnen Lehrpersonen Kinder, die ihr Cochlea-Implantat sp\u00e4t erhalten haben, in der Sprachentwicklung unterst\u00fctzen.","og_url":"http:\/\/blog.medel.pro\/rehabilitation\/how-educators-can-support-children-who-receive-cochlear-implants-later\/","og_site_name":"MED-EL Professionals Blog","article_published_time":"2025-06-24T05:00:23+00:00","article_modified_time":"2025-06-24T05:05:02+00:00","og_image":[{"width":1600,"height":1000,"url":"http:\/\/blog.medel.pro\/wp-content\/uploads\/2025\/04\/med-el_24_day1_eye5_danielzangerl-_366.jpg","type":"image\/jpeg"}],"author":"MED-EL","twitter_card":"summary_large_image","twitter_creator":"@medel","twitter_site":"@medel","twitter_misc":{"Verfasst von":"MED-EL","Gesch\u00e4tzte Lesezeit":"5 Minuten"},"schema":{"@context":"https:\/\/schema.org","@graph":[{"@type":"Article","@id":"http:\/\/blog.medel.pro\/rehabilitation\/how-educators-can-support-children-who-receive-cochlear-implants-later\/#article","isPartOf":{"@id":"http:\/\/blog.medel.pro\/rehabilitation\/how-educators-can-support-children-who-receive-cochlear-implants-later\/"},"author":{"name":"MED-EL","@id":"https:\/\/blog.medel.pro\/#\/schema\/person\/b81eab3e22287063f6f0d9e2499d0f02"},"headline":"Wie Lehrkr\u00e4fte sp\u00e4t implantierte Kinder im Unterricht unterst\u00fctzen k\u00f6nnen","datePublished":"2025-06-24T05:00:23+00:00","dateModified":"2025-06-24T05:05:02+00:00","mainEntityOfPage":{"@id":"http:\/\/blog.medel.pro\/rehabilitation\/how-educators-can-support-children-who-receive-cochlear-implants-later\/"},"wordCount":13,"commentCount":0,"publisher":{"@id":"https:\/\/blog.medel.pro\/#organization"},"image":{"@id":"http:\/\/blog.medel.pro\/rehabilitation\/how-educators-can-support-children-who-receive-cochlear-implants-later\/#primaryimage"},"thumbnailUrl":"https:\/\/blog.medel.pro\/wp-content\/uploads\/2025\/04\/med-el_24_day1_eye5_danielzangerl-_366.jpg","keywords":["Cochlea-Implantat","Cochlea-Implantat f\u00fcr Kinder","Grundschule","Lehrer","Lehrkr\u00e4fte","Lehrperson","Schule","Schule mit H\u00f6rverlust","Sprachentwicklung","Tipps","Unterricht","Volksschule"],"articleSection":["Rehabilitation"],"inLanguage":"de-DE","potentialAction":[{"@type":"CommentAction","name":"Comment","target":["http:\/\/blog.medel.pro\/rehabilitation\/how-educators-can-support-children-who-receive-cochlear-implants-later\/#respond"]}]},{"@type":"WebPage","@id":"http:\/\/blog.medel.pro\/rehabilitation\/how-educators-can-support-children-who-receive-cochlear-implants-later\/","url":"http:\/\/blog.medel.pro\/rehabilitation\/how-educators-can-support-children-who-receive-cochlear-implants-later\/","name":"Wie Lehrkr\u00e4fte sp\u00e4t implantierte Kinder im Unterricht unterst\u00fctzen k\u00f6nnen - MED-EL Professionals Blog","isPartOf":{"@id":"https:\/\/blog.medel.pro\/#website"},"primaryImageOfPage":{"@id":"http:\/\/blog.medel.pro\/rehabilitation\/how-educators-can-support-children-who-receive-cochlear-implants-later\/#primaryimage"},"image":{"@id":"http:\/\/blog.medel.pro\/rehabilitation\/how-educators-can-support-children-who-receive-cochlear-implants-later\/#primaryimage"},"thumbnailUrl":"https:\/\/blog.medel.pro\/wp-content\/uploads\/2025\/04\/med-el_24_day1_eye5_danielzangerl-_366.jpg","datePublished":"2025-06-24T05:00:23+00:00","dateModified":"2025-06-24T05:05:02+00:00","description":"Sp\u00e4t implantierte Kinder: So k\u00f6nnen Lehrpersonen Kinder, die ihr Cochlea-Implantat sp\u00e4t erhalten haben, in der Sprachentwicklung unterst\u00fctzen.","breadcrumb":{"@id":"http:\/\/blog.medel.pro\/rehabilitation\/how-educators-can-support-children-who-receive-cochlear-implants-later\/#breadcrumb"},"inLanguage":"de-DE","potentialAction":[{"@type":"ReadAction","target":["http:\/\/blog.medel.pro\/rehabilitation\/how-educators-can-support-children-who-receive-cochlear-implants-later\/"]}]},{"@type":"ImageObject","inLanguage":"de-DE","@id":"http:\/\/blog.medel.pro\/rehabilitation\/how-educators-can-support-children-who-receive-cochlear-implants-later\/#primaryimage","url":"https:\/\/blog.medel.pro\/wp-content\/uploads\/2025\/04\/med-el_24_day1_eye5_danielzangerl-_366.jpg","contentUrl":"https:\/\/blog.medel.pro\/wp-content\/uploads\/2025\/04\/med-el_24_day1_eye5_danielzangerl-_366.jpg","width":1600,"height":1000,"caption":"Sp\u00e4t implantierte Kinder ben\u00f6tigen zus\u00e4tzliche Unterst\u00fctzung im Schulunterricht"},{"@type":"BreadcrumbList","@id":"http:\/\/blog.medel.pro\/rehabilitation\/how-educators-can-support-children-who-receive-cochlear-implants-later\/#breadcrumb","itemListElement":[{"@type":"ListItem","position":1,"name":"Home","item":"https:\/\/blog.medel.pro\/de\/"},{"@type":"ListItem","position":2,"name":"Wie Lehrkr\u00e4fte sp\u00e4t implantierte Kinder im Unterricht unterst\u00fctzen k\u00f6nnen"}]},{"@type":"WebSite","@id":"https:\/\/blog.medel.pro\/#website","url":"https:\/\/blog.medel.pro\/","name":"MED-EL Professionals Blog","description":"","publisher":{"@id":"https:\/\/blog.medel.pro\/#organization"},"potentialAction":[{"@type":"SearchAction","target":{"@type":"EntryPoint","urlTemplate":"https:\/\/blog.medel.pro\/?s={search_term_string}"},"query-input":{"@type":"PropertyValueSpecification","valueRequired":true,"valueName":"search_term_string"}}],"inLanguage":"de-DE"},{"@type":"Organization","@id":"https:\/\/blog.medel.pro\/#organization","name":"MED-EL Professionals Blog","url":"https:\/\/blog.medel.pro\/","logo":{"@type":"ImageObject","inLanguage":"de-DE","@id":"https:\/\/blog.medel.pro\/#\/schema\/logo\/image\/","url":"https:\/\/blog.medel.pro\/wp-content\/uploads\/2023\/05\/MED-EL_RGB_Red_Symbol.jpg","contentUrl":"https:\/\/blog.medel.pro\/wp-content\/uploads\/2023\/05\/MED-EL_RGB_Red_Symbol.jpg","width":200,"height":200,"caption":"MED-EL Professionals Blog"},"image":{"@id":"https:\/\/blog.medel.pro\/#\/schema\/logo\/image\/"},"sameAs":["https:\/\/x.com\/medel"]},{"@type":"Person","@id":"https:\/\/blog.medel.pro\/#\/schema\/person\/b81eab3e22287063f6f0d9e2499d0f02","name":"MED-EL"}]}},"_links":{"self":[{"href":"https:\/\/blog.medel.pro\/de\/wp-json\/wp\/v2\/posts\/35944","targetHints":{"allow":["GET"]}}],"collection":[{"href":"https:\/\/blog.medel.pro\/de\/wp-json\/wp\/v2\/posts"}],"about":[{"href":"https:\/\/blog.medel.pro\/de\/wp-json\/wp\/v2\/types\/post"}],"author":[{"embeddable":true,"href":"https:\/\/blog.medel.pro\/de\/wp-json\/wp\/v2\/users\/8"}],"replies":[{"embeddable":true,"href":"https:\/\/blog.medel.pro\/de\/wp-json\/wp\/v2\/comments?post=35944"}],"version-history":[{"count":3,"href":"https:\/\/blog.medel.pro\/de\/wp-json\/wp\/v2\/posts\/35944\/revisions"}],"predecessor-version":[{"id":36038,"href":"https:\/\/blog.medel.pro\/de\/wp-json\/wp\/v2\/posts\/35944\/revisions\/36038"}],"wp:featuredmedia":[{"embeddable":true,"href":"https:\/\/blog.medel.pro\/de\/wp-json\/wp\/v2\/media\/33609"}],"wp:attachment":[{"href":"https:\/\/blog.medel.pro\/de\/wp-json\/wp\/v2\/media?parent=35944"}],"wp:term":[{"taxonomy":"category","embeddable":true,"href":"https:\/\/blog.medel.pro\/de\/wp-json\/wp\/v2\/categories?post=35944"},{"taxonomy":"post_tag","embeddable":true,"href":"https:\/\/blog.medel.pro\/de\/wp-json\/wp\/v2\/tags?post=35944"}],"curies":[{"name":"wp","href":"https:\/\/api.w.org\/{rel}","templated":true}]}}