{"id":31395,"date":"2023-12-19T08:00:10","date_gmt":"2023-12-19T08:00:10","guid":{"rendered":"https:\/\/blog.medel.pro\/?p=31395"},"modified":"2024-03-12T16:05:22","modified_gmt":"2024-03-12T16:05:22","slug":"neue-reha-poster-von-med-el","status":"publish","type":"post","link":"https:\/\/blog.medel.pro\/de\/audiologie\/neue-reha-poster-von-med-el\/","title":{"rendered":"Neue Reha-Poster von MED-EL"},"content":{"rendered":"","protected":false},"excerpt":{"rendered":"<p>So verbreitet H\u00f6rverlust ist, so schwer tun sich normal h\u00f6rende Personen mitunter im Umgang mit geh\u00f6rlosen Menschen. Allein der Anblick eines Audioprozessors verunsichert manche Gespr\u00e4chspartner. Dabei gibt es keinen Grund f\u00fcr Nervosit\u00e4t, sondern lediglich ein paar Kleinigkeiten, mit denen man das Gespr\u00e4ch f\u00fcr die Person mit dem Implantat einfacher und entspannter machen kann. Eine neue Serie an liebevoll designten Postern ruft diese Hinweise und Tricks leicht verst\u00e4ndlich ins Bewusstsein.<\/p>\n","protected":false},"author":8,"featured_media":31454,"comment_status":"open","ping_status":"open","sticky":false,"template":"","format":"standard","meta":{"footnotes":""},"categories":[2150,2798],"tags":[2830,2246,2832,2668,2243,2285,2248,2834,2831,2229,2818,2723,2805,2833,2288,2835],"class_list":["post-31395","post","type-post","status-publish","format-standard","has-post-thumbnail","hentry","category-audiologie","category-rehabilitation-de","tag-ci-reha","tag-ci-rehabilitation","tag-download","tag-erwachsene-mit-hoerverlust","tag-hoerimplantat","tag-hoerreha","tag-hoerrehabilitation","tag-hoerverlust-kinder","tag-poster","tag-reha","tag-rehabilitation-de","tag-sprachentwicklung","tag-spracherwerb","tag-sprachtherapeut","tag-sprachtherapie","tag-therapie"],"acf":[],"yoast_head":"<!-- This site is optimized with the Yoast SEO plugin v27.2 - https:\/\/yoast.com\/product\/yoast-seo-wordpress\/ -->\n<title>Neue Reha-Poster von MED-EL - MED-EL Professionals Blog<\/title>\n<meta name=\"description\" content=\"Poster von MED-EL als Gratis-Download: Eine neue Serie mit 16 Postern vermittelt Informationen zum Umgang mit Menschen mit H\u00f6rverlust.\" \/>\n<meta name=\"robots\" content=\"index, follow, max-snippet:-1, max-image-preview:large, max-video-preview:-1\" \/>\n<link rel=\"canonical\" href=\"https:\/\/blog.medel.pro\/de\/audiologie\/neue-reha-poster-von-med-el\/\" \/>\n<meta property=\"og:locale\" content=\"de_DE\" \/>\n<meta property=\"og:type\" content=\"article\" \/>\n<meta property=\"og:title\" content=\"Neue Reha-Poster von MED-EL - MED-EL Professionals Blog\" \/>\n<meta property=\"og:description\" content=\"Poster von MED-EL als Gratis-Download: Eine neue Serie mit 16 Postern vermittelt Informationen zum Umgang mit Menschen mit H\u00f6rverlust.\" \/>\n<meta property=\"og:url\" content=\"https:\/\/blog.medel.pro\/de\/audiologie\/neue-reha-poster-von-med-el\/\" \/>\n<meta property=\"og:site_name\" content=\"MED-EL Professionals Blog\" \/>\n<meta property=\"article:published_time\" content=\"2023-12-19T08:00:10+00:00\" \/>\n<meta property=\"article:modified_time\" content=\"2024-03-12T16:05:22+00:00\" \/>\n<meta property=\"og:image\" content=\"https:\/\/blog.medel.pro\/wp-content\/uploads\/2023\/12\/MB2b_HQ-DE_HearingPosters.jpg\" \/>\n\t<meta property=\"og:image:width\" content=\"1600\" \/>\n\t<meta property=\"og:image:height\" content=\"1000\" \/>\n\t<meta property=\"og:image:type\" content=\"image\/jpeg\" \/>\n<meta name=\"author\" content=\"MED-EL\" \/>\n<meta name=\"twitter:card\" content=\"summary_large_image\" \/>\n<meta name=\"twitter:creator\" content=\"@medel\" \/>\n<meta name=\"twitter:site\" content=\"@medel\" \/>\n<meta name=\"twitter:label1\" content=\"Verfasst von\" \/>\n\t<meta name=\"twitter:data1\" content=\"MED-EL\" \/>\n\t<meta name=\"twitter:label2\" content=\"Gesch\u00e4tzte Lesezeit\" \/>\n\t<meta name=\"twitter:data2\" content=\"3 Minuten\" \/>\n<script type=\"application\/ld+json\" class=\"yoast-schema-graph\">{\"@context\":\"https:\/\/schema.org\",\"@graph\":[{\"@type\":\"Article\",\"@id\":\"https:\/\/blog.medel.pro\/de\/audiologie\/neue-reha-poster-von-med-el\/#article\",\"isPartOf\":{\"@id\":\"https:\/\/blog.medel.pro\/de\/audiologie\/neue-reha-poster-von-med-el\/\"},\"author\":{\"name\":\"MED-EL\",\"@id\":\"https:\/\/blog.medel.pro\/de\/#\/schema\/person\/b81eab3e22287063f6f0d9e2499d0f02\"},\"headline\":\"Neue Reha-Poster von MED-EL\",\"datePublished\":\"2023-12-19T08:00:10+00:00\",\"dateModified\":\"2024-03-12T16:05:22+00:00\",\"mainEntityOfPage\":{\"@id\":\"https:\/\/blog.medel.pro\/de\/audiologie\/neue-reha-poster-von-med-el\/\"},\"wordCount\":4,\"commentCount\":0,\"publisher\":{\"@id\":\"https:\/\/blog.medel.pro\/de\/#organization\"},\"image\":{\"@id\":\"https:\/\/blog.medel.pro\/de\/audiologie\/neue-reha-poster-von-med-el\/#primaryimage\"},\"thumbnailUrl\":\"https:\/\/blog.medel.pro\/wp-content\/uploads\/2023\/12\/MB2b_HQ-DE_HearingPosters.jpg\",\"keywords\":[\"CI-Reha\",\"CI-Rehabilitation\",\"Download\",\"Erwachsene mit H\u00f6rverlust\",\"H\u00f6rimplantat\",\"H\u00f6rreha\",\"H\u00f6rrehabilitation\",\"H\u00f6rverlust Kinder\",\"Poster\",\"Reha\",\"rehabilitation\",\"Sprachentwicklung\",\"Spracherwerb\",\"Sprachtherapeut\",\"Sprachtherapie\",\"Therapie\"],\"articleSection\":[\"Audiologie\",\"Rehabilitation\"],\"inLanguage\":\"de-DE\",\"potentialAction\":[{\"@type\":\"CommentAction\",\"name\":\"Comment\",\"target\":[\"https:\/\/blog.medel.pro\/de\/audiologie\/neue-reha-poster-von-med-el\/#respond\"]}]},{\"@type\":\"WebPage\",\"@id\":\"https:\/\/blog.medel.pro\/de\/audiologie\/neue-reha-poster-von-med-el\/\",\"url\":\"https:\/\/blog.medel.pro\/de\/audiologie\/neue-reha-poster-von-med-el\/\",\"name\":\"Neue Reha-Poster von MED-EL - MED-EL Professionals Blog\",\"isPartOf\":{\"@id\":\"https:\/\/blog.medel.pro\/de\/#website\"},\"primaryImageOfPage\":{\"@id\":\"https:\/\/blog.medel.pro\/de\/audiologie\/neue-reha-poster-von-med-el\/#primaryimage\"},\"image\":{\"@id\":\"https:\/\/blog.medel.pro\/de\/audiologie\/neue-reha-poster-von-med-el\/#primaryimage\"},\"thumbnailUrl\":\"https:\/\/blog.medel.pro\/wp-content\/uploads\/2023\/12\/MB2b_HQ-DE_HearingPosters.jpg\",\"datePublished\":\"2023-12-19T08:00:10+00:00\",\"dateModified\":\"2024-03-12T16:05:22+00:00\",\"description\":\"Poster von MED-EL als Gratis-Download: Eine neue Serie mit 16 Postern vermittelt Informationen zum Umgang mit Menschen mit H\u00f6rverlust.\",\"breadcrumb\":{\"@id\":\"https:\/\/blog.medel.pro\/de\/audiologie\/neue-reha-poster-von-med-el\/#breadcrumb\"},\"inLanguage\":\"de-DE\",\"potentialAction\":[{\"@type\":\"ReadAction\",\"target\":[\"https:\/\/blog.medel.pro\/de\/audiologie\/neue-reha-poster-von-med-el\/\"]}]},{\"@type\":\"ImageObject\",\"inLanguage\":\"de-DE\",\"@id\":\"https:\/\/blog.medel.pro\/de\/audiologie\/neue-reha-poster-von-med-el\/#primaryimage\",\"url\":\"https:\/\/blog.medel.pro\/wp-content\/uploads\/2023\/12\/MB2b_HQ-DE_HearingPosters.jpg\",\"contentUrl\":\"https:\/\/blog.medel.pro\/wp-content\/uploads\/2023\/12\/MB2b_HQ-DE_HearingPosters.jpg\",\"width\":1600,\"height\":1000,\"caption\":\"Reha Poster Set\"},{\"@type\":\"BreadcrumbList\",\"@id\":\"https:\/\/blog.medel.pro\/de\/audiologie\/neue-reha-poster-von-med-el\/#breadcrumb\",\"itemListElement\":[{\"@type\":\"ListItem\",\"position\":1,\"name\":\"Home\",\"item\":\"https:\/\/blog.medel.pro\/de\/\"},{\"@type\":\"ListItem\",\"position\":2,\"name\":\"Neue Reha-Poster von MED-EL\"}]},{\"@type\":\"WebSite\",\"@id\":\"https:\/\/blog.medel.pro\/de\/#website\",\"url\":\"https:\/\/blog.medel.pro\/de\/\",\"name\":\"MED-EL Professionals Blog\",\"description\":\"\",\"publisher\":{\"@id\":\"https:\/\/blog.medel.pro\/de\/#organization\"},\"potentialAction\":[{\"@type\":\"SearchAction\",\"target\":{\"@type\":\"EntryPoint\",\"urlTemplate\":\"https:\/\/blog.medel.pro\/de\/?s={search_term_string}\"},\"query-input\":{\"@type\":\"PropertyValueSpecification\",\"valueRequired\":true,\"valueName\":\"search_term_string\"}}],\"inLanguage\":\"de-DE\"},{\"@type\":\"Organization\",\"@id\":\"https:\/\/blog.medel.pro\/de\/#organization\",\"name\":\"MED-EL Professionals Blog\",\"url\":\"https:\/\/blog.medel.pro\/de\/\",\"logo\":{\"@type\":\"ImageObject\",\"inLanguage\":\"de-DE\",\"@id\":\"https:\/\/blog.medel.pro\/de\/#\/schema\/logo\/image\/\",\"url\":\"https:\/\/blog.medel.pro\/wp-content\/uploads\/2023\/05\/MED-EL_RGB_Red_Symbol.jpg\",\"contentUrl\":\"https:\/\/blog.medel.pro\/wp-content\/uploads\/2023\/05\/MED-EL_RGB_Red_Symbol.jpg\",\"width\":200,\"height\":200,\"caption\":\"MED-EL Professionals Blog\"},\"image\":{\"@id\":\"https:\/\/blog.medel.pro\/de\/#\/schema\/logo\/image\/\"},\"sameAs\":[\"https:\/\/x.com\/medel\"]},{\"@type\":\"Person\",\"@id\":\"https:\/\/blog.medel.pro\/de\/#\/schema\/person\/b81eab3e22287063f6f0d9e2499d0f02\",\"name\":\"MED-EL\"}]}<\/script>\n<!-- \/ Yoast SEO plugin. -->","yoast_head_json":{"title":"Neue Reha-Poster von MED-EL - MED-EL Professionals Blog","description":"Poster von MED-EL als Gratis-Download: Eine neue Serie mit 16 Postern vermittelt Informationen zum Umgang mit Menschen mit H\u00f6rverlust.","robots":{"index":"index","follow":"follow","max-snippet":"max-snippet:-1","max-image-preview":"max-image-preview:large","max-video-preview":"max-video-preview:-1"},"canonical":"https:\/\/blog.medel.pro\/de\/audiologie\/neue-reha-poster-von-med-el\/","og_locale":"de_DE","og_type":"article","og_title":"Neue Reha-Poster von MED-EL - MED-EL Professionals Blog","og_description":"Poster von MED-EL als Gratis-Download: Eine neue Serie mit 16 Postern vermittelt Informationen zum Umgang mit Menschen mit H\u00f6rverlust.","og_url":"https:\/\/blog.medel.pro\/de\/audiologie\/neue-reha-poster-von-med-el\/","og_site_name":"MED-EL Professionals Blog","article_published_time":"2023-12-19T08:00:10+00:00","article_modified_time":"2024-03-12T16:05:22+00:00","og_image":[{"width":1600,"height":1000,"url":"https:\/\/blog.medel.pro\/wp-content\/uploads\/2023\/12\/MB2b_HQ-DE_HearingPosters.jpg","type":"image\/jpeg"}],"author":"MED-EL","twitter_card":"summary_large_image","twitter_creator":"@medel","twitter_site":"@medel","twitter_misc":{"Verfasst von":"MED-EL","Gesch\u00e4tzte Lesezeit":"3 Minuten"},"schema":{"@context":"https:\/\/schema.org","@graph":[{"@type":"Article","@id":"https:\/\/blog.medel.pro\/de\/audiologie\/neue-reha-poster-von-med-el\/#article","isPartOf":{"@id":"https:\/\/blog.medel.pro\/de\/audiologie\/neue-reha-poster-von-med-el\/"},"author":{"name":"MED-EL","@id":"https:\/\/blog.medel.pro\/de\/#\/schema\/person\/b81eab3e22287063f6f0d9e2499d0f02"},"headline":"Neue Reha-Poster von MED-EL","datePublished":"2023-12-19T08:00:10+00:00","dateModified":"2024-03-12T16:05:22+00:00","mainEntityOfPage":{"@id":"https:\/\/blog.medel.pro\/de\/audiologie\/neue-reha-poster-von-med-el\/"},"wordCount":4,"commentCount":0,"publisher":{"@id":"https:\/\/blog.medel.pro\/de\/#organization"},"image":{"@id":"https:\/\/blog.medel.pro\/de\/audiologie\/neue-reha-poster-von-med-el\/#primaryimage"},"thumbnailUrl":"https:\/\/blog.medel.pro\/wp-content\/uploads\/2023\/12\/MB2b_HQ-DE_HearingPosters.jpg","keywords":["CI-Reha","CI-Rehabilitation","Download","Erwachsene mit H\u00f6rverlust","H\u00f6rimplantat","H\u00f6rreha","H\u00f6rrehabilitation","H\u00f6rverlust Kinder","Poster","Reha","rehabilitation","Sprachentwicklung","Spracherwerb","Sprachtherapeut","Sprachtherapie","Therapie"],"articleSection":["Audiologie","Rehabilitation"],"inLanguage":"de-DE","potentialAction":[{"@type":"CommentAction","name":"Comment","target":["https:\/\/blog.medel.pro\/de\/audiologie\/neue-reha-poster-von-med-el\/#respond"]}]},{"@type":"WebPage","@id":"https:\/\/blog.medel.pro\/de\/audiologie\/neue-reha-poster-von-med-el\/","url":"https:\/\/blog.medel.pro\/de\/audiologie\/neue-reha-poster-von-med-el\/","name":"Neue Reha-Poster von MED-EL - MED-EL Professionals Blog","isPartOf":{"@id":"https:\/\/blog.medel.pro\/de\/#website"},"primaryImageOfPage":{"@id":"https:\/\/blog.medel.pro\/de\/audiologie\/neue-reha-poster-von-med-el\/#primaryimage"},"image":{"@id":"https:\/\/blog.medel.pro\/de\/audiologie\/neue-reha-poster-von-med-el\/#primaryimage"},"thumbnailUrl":"https:\/\/blog.medel.pro\/wp-content\/uploads\/2023\/12\/MB2b_HQ-DE_HearingPosters.jpg","datePublished":"2023-12-19T08:00:10+00:00","dateModified":"2024-03-12T16:05:22+00:00","description":"Poster von MED-EL als Gratis-Download: Eine neue Serie mit 16 Postern vermittelt Informationen zum Umgang mit Menschen mit H\u00f6rverlust.","breadcrumb":{"@id":"https:\/\/blog.medel.pro\/de\/audiologie\/neue-reha-poster-von-med-el\/#breadcrumb"},"inLanguage":"de-DE","potentialAction":[{"@type":"ReadAction","target":["https:\/\/blog.medel.pro\/de\/audiologie\/neue-reha-poster-von-med-el\/"]}]},{"@type":"ImageObject","inLanguage":"de-DE","@id":"https:\/\/blog.medel.pro\/de\/audiologie\/neue-reha-poster-von-med-el\/#primaryimage","url":"https:\/\/blog.medel.pro\/wp-content\/uploads\/2023\/12\/MB2b_HQ-DE_HearingPosters.jpg","contentUrl":"https:\/\/blog.medel.pro\/wp-content\/uploads\/2023\/12\/MB2b_HQ-DE_HearingPosters.jpg","width":1600,"height":1000,"caption":"Reha Poster Set"},{"@type":"BreadcrumbList","@id":"https:\/\/blog.medel.pro\/de\/audiologie\/neue-reha-poster-von-med-el\/#breadcrumb","itemListElement":[{"@type":"ListItem","position":1,"name":"Home","item":"https:\/\/blog.medel.pro\/de\/"},{"@type":"ListItem","position":2,"name":"Neue Reha-Poster von MED-EL"}]},{"@type":"WebSite","@id":"https:\/\/blog.medel.pro\/de\/#website","url":"https:\/\/blog.medel.pro\/de\/","name":"MED-EL Professionals Blog","description":"","publisher":{"@id":"https:\/\/blog.medel.pro\/de\/#organization"},"potentialAction":[{"@type":"SearchAction","target":{"@type":"EntryPoint","urlTemplate":"https:\/\/blog.medel.pro\/de\/?s={search_term_string}"},"query-input":{"@type":"PropertyValueSpecification","valueRequired":true,"valueName":"search_term_string"}}],"inLanguage":"de-DE"},{"@type":"Organization","@id":"https:\/\/blog.medel.pro\/de\/#organization","name":"MED-EL Professionals Blog","url":"https:\/\/blog.medel.pro\/de\/","logo":{"@type":"ImageObject","inLanguage":"de-DE","@id":"https:\/\/blog.medel.pro\/de\/#\/schema\/logo\/image\/","url":"https:\/\/blog.medel.pro\/wp-content\/uploads\/2023\/05\/MED-EL_RGB_Red_Symbol.jpg","contentUrl":"https:\/\/blog.medel.pro\/wp-content\/uploads\/2023\/05\/MED-EL_RGB_Red_Symbol.jpg","width":200,"height":200,"caption":"MED-EL Professionals Blog"},"image":{"@id":"https:\/\/blog.medel.pro\/de\/#\/schema\/logo\/image\/"},"sameAs":["https:\/\/x.com\/medel"]},{"@type":"Person","@id":"https:\/\/blog.medel.pro\/de\/#\/schema\/person\/b81eab3e22287063f6f0d9e2499d0f02","name":"MED-EL"}]}},"_links":{"self":[{"href":"https:\/\/blog.medel.pro\/de\/wp-json\/wp\/v2\/posts\/31395","targetHints":{"allow":["GET"]}}],"collection":[{"href":"https:\/\/blog.medel.pro\/de\/wp-json\/wp\/v2\/posts"}],"about":[{"href":"https:\/\/blog.medel.pro\/de\/wp-json\/wp\/v2\/types\/post"}],"author":[{"embeddable":true,"href":"https:\/\/blog.medel.pro\/de\/wp-json\/wp\/v2\/users\/8"}],"replies":[{"embeddable":true,"href":"https:\/\/blog.medel.pro\/de\/wp-json\/wp\/v2\/comments?post=31395"}],"version-history":[{"count":3,"href":"https:\/\/blog.medel.pro\/de\/wp-json\/wp\/v2\/posts\/31395\/revisions"}],"predecessor-version":[{"id":31916,"href":"https:\/\/blog.medel.pro\/de\/wp-json\/wp\/v2\/posts\/31395\/revisions\/31916"}],"wp:featuredmedia":[{"embeddable":true,"href":"https:\/\/blog.medel.pro\/de\/wp-json\/wp\/v2\/media\/31454"}],"wp:attachment":[{"href":"https:\/\/blog.medel.pro\/de\/wp-json\/wp\/v2\/media?parent=31395"}],"wp:term":[{"taxonomy":"category","embeddable":true,"href":"https:\/\/blog.medel.pro\/de\/wp-json\/wp\/v2\/categories?post=31395"},{"taxonomy":"post_tag","embeddable":true,"href":"https:\/\/blog.medel.pro\/de\/wp-json\/wp\/v2\/tags?post=31395"}],"curies":[{"name":"wp","href":"https:\/\/api.w.org\/{rel}","templated":true}]}}